{"id":2096,"date":"2017-12-05T08:37:07","date_gmt":"2017-12-05T07:37:07","guid":{"rendered":"https:\/\/www.patriarcatovenezia.it\/pastorale-giovanile\/?p=2096"},"modified":"2017-12-05T08:48:08","modified_gmt":"2017-12-05T07:48:08","slug":"al-cuore-del-de-siderio","status":"publish","type":"post","link":"https:\/\/oldpatriarcatovenezia.glauco.it\/pastorale-giovanile\/2017\/12\/05\/al-cuore-del-de-siderio\/","title":{"rendered":"Al cuore del de-siderio"},"content":{"rendered":"<p>Gli amici della Pastorale universitaria e della Pastorale scolastica invitano gli <strong>studenti\u00a0degli ultimi anni delle superiori e quelli dell&#8217;universit\u00e0<\/strong> a un incontro-percorso tra arte e letteratura sul tema del DESIDERIO, guidati dal prof. Filippetti (gi\u00e0 curatore della mostra su Giotto a S. Rocco). Si concluder\u00e0 con un momento conviviale a base di panettone \ud83d\ude09<\/p>\n<p><em>Vi invitiamo a diffondere l&#8217;iniziativa, un modo bello e originale di camminare nell&#8217;Avvento e prepararsi al Santo Natale!<\/em><\/p>\n","protected":false},"excerpt":{"rendered":"<p>Gli amici della Pastorale universitaria e della Pastorale scolastica invitano gli studenti\u00a0degli ultimi anni delle superiori e quelli dell&#8217;universit\u00e0 a un incontro-percorso tra arte e letteratura sul tema del DESIDERIO, guidati dal prof. Filippetti (gi\u00e0 curatore della mostra su Giotto a S. Rocco). Si concluder\u00e0 con un momento conviviale a base di panettone \ud83d\ude09 Vi&#8230;  <a class=\"excerpt-read-more\" href=\"https:\/\/oldpatriarcatovenezia.glauco.it\/pastorale-giovanile\/2017\/12\/05\/al-cuore-del-de-siderio\/\" title=\"Leggi Al cuore del de-siderio\">&raquo; continua<\/a><\/p>\n","protected":false},"author":10,"featured_media":2097,"comment_status":"closed","ping_status":"closed","sticky":false,"template":"","format":"standard","meta":{"ip_address":"","user_agent":"","level":"","revision":"","cookie_id":"","page_referer":"","html_form":""},"categories":[88,307,1,312],"tags":[],"acf":[],"_links":{"self":[{"href":"https:\/\/oldpatriarcatovenezia.glauco.it\/pastorale-giovanile\/wp-json\/wp\/v2\/posts\/2096"}],"collection":[{"href":"https:\/\/oldpatriarcatovenezia.glauco.it\/pastorale-giovanile\/wp-json\/wp\/v2\/posts"}],"about":[{"href":"https:\/\/oldpatriarcatovenezia.glauco.it\/pastorale-giovanile\/wp-json\/wp\/v2\/types\/post"}],"author":[{"embeddable":true,"href":"https:\/\/oldpatriarcatovenezia.glauco.it\/pastorale-giovanile\/wp-json\/wp\/v2\/users\/10"}],"replies":[{"embeddable":true,"href":"https:\/\/oldpatriarcatovenezia.glauco.it\/pastorale-giovanile\/wp-json\/wp\/v2\/comments?post=2096"}],"version-history":[{"count":3,"href":"https:\/\/oldpatriarcatovenezia.glauco.it\/pastorale-giovanile\/wp-json\/wp\/v2\/posts\/2096\/revisions"}],"predecessor-version":[{"id":2100,"href":"https:\/\/oldpatriarcatovenezia.glauco.it\/pastorale-giovanile\/wp-json\/wp\/v2\/posts\/2096\/revisions\/2100"}],"wp:featuredmedia":[{"embeddable":true,"href":"https:\/\/oldpatriarcatovenezia.glauco.it\/pastorale-giovanile\/wp-json\/wp\/v2\/media\/2097"}],"wp:attachment":[{"href":"https:\/\/oldpatriarcatovenezia.glauco.it\/pastorale-giovanile\/wp-json\/wp\/v2\/media?parent=2096"}],"wp:term":[{"taxonomy":"category","embeddable":true,"href":"https:\/\/oldpatriarcatovenezia.glauco.it\/pastorale-giovanile\/wp-json\/wp\/v2\/categories?post=2096"},{"taxonomy":"post_tag","embeddable":true,"href":"https:\/\/oldpatriarcatovenezia.glauco.it\/pastorale-giovanile\/wp-json\/wp\/v2\/tags?post=2096"}],"curies":[{"name":"wp","href":"https:\/\/api.w.org\/{rel}","templated":true}]}}