{"id":2078,"date":"2017-11-24T14:44:44","date_gmt":"2017-11-24T13:44:44","guid":{"rendered":"https:\/\/www.patriarcatovenezia.it\/pastorale-giovanile\/?p=2078"},"modified":"2017-11-24T14:44:44","modified_gmt":"2017-11-24T13:44:44","slug":"incontri-taize-a-mestre","status":"publish","type":"post","link":"https:\/\/oldpatriarcatovenezia.glauco.it\/pastorale-giovanile\/2017\/11\/24\/incontri-taize-a-mestre\/","title":{"rendered":"Incontri Taiz\u00e9 a Mestre"},"content":{"rendered":"<p style=\"text-align: center\"><strong>&#8220;Maestro, dove abiti?&#8221; &#8211;\u00a0<\/strong><strong>Un percorso di ricerca<\/strong><\/p>\n<p>Incontri mensili di preghiera 2017-2018\u00a0nello stile della Comunit\u00e0 ecumenica di Taiz\u00e9<\/p>\n<p>Chiesa di San Girolamo di Mestre, inizio ore 21.00<\/p>\n<ul>\n<li>gioved\u00ec 19 ottobre<\/li>\n<li>gioved\u00ec 9 novembre<\/li>\n<li>gioved\u00ec 14 dicembre<\/li>\n<li>gioved\u00ec 18 gennaio<\/li>\n<li>gioved\u00ec 22 febbraio<\/li>\n<li>gioved\u00ec 15 marzo<\/li>\n<li>gioved\u00ec 19 aprile<\/li>\n<li>gioved\u00ec 17 maggio<\/li>\n<li>gioved\u00ec 14 giugno<\/li>\n<\/ul>\n<p>Per chi desidera, prove di canto ore 20.30<\/p>\n<p><em>per info:<\/em> don Massimo 3388278724<\/p>\n<p><a href=\"mailto:taizemestre@gmail.com\">taizemestre@gmail.com<\/a><\/p>\n<p><strong>gruppo Taiz\u00e9 Venezia-Mestre<\/strong><\/p>\n","protected":false},"excerpt":{"rendered":"<p>&#8220;Maestro, dove abiti?&#8221; &#8211;\u00a0Un percorso di ricerca Incontri mensili di preghiera 2017-2018\u00a0nello stile della Comunit\u00e0 ecumenica di Taiz\u00e9 Chiesa di San Girolamo di Mestre, inizio ore 21.00 gioved\u00ec 19 ottobre gioved\u00ec 9 novembre gioved\u00ec 14 dicembre gioved\u00ec 18 gennaio gioved\u00ec 22 febbraio gioved\u00ec 15 marzo gioved\u00ec 19 aprile gioved\u00ec 17 maggio gioved\u00ec 14 giugno Per&#8230;  <a class=\"excerpt-read-more\" href=\"https:\/\/oldpatriarcatovenezia.glauco.it\/pastorale-giovanile\/2017\/11\/24\/incontri-taize-a-mestre\/\" title=\"Leggi Incontri Taiz\u00e9 a Mestre\">&raquo; continua<\/a><\/p>\n","protected":false},"author":10,"featured_media":2080,"comment_status":"closed","ping_status":"closed","sticky":false,"template":"","format":"standard","meta":{"ip_address":"","user_agent":"","level":"","revision":"","cookie_id":"","page_referer":"","html_form":""},"categories":[306,307,1,312],"tags":[],"acf":[],"_links":{"self":[{"href":"https:\/\/oldpatriarcatovenezia.glauco.it\/pastorale-giovanile\/wp-json\/wp\/v2\/posts\/2078"}],"collection":[{"href":"https:\/\/oldpatriarcatovenezia.glauco.it\/pastorale-giovanile\/wp-json\/wp\/v2\/posts"}],"about":[{"href":"https:\/\/oldpatriarcatovenezia.glauco.it\/pastorale-giovanile\/wp-json\/wp\/v2\/types\/post"}],"author":[{"embeddable":true,"href":"https:\/\/oldpatriarcatovenezia.glauco.it\/pastorale-giovanile\/wp-json\/wp\/v2\/users\/10"}],"replies":[{"embeddable":true,"href":"https:\/\/oldpatriarcatovenezia.glauco.it\/pastorale-giovanile\/wp-json\/wp\/v2\/comments?post=2078"}],"version-history":[{"count":2,"href":"https:\/\/oldpatriarcatovenezia.glauco.it\/pastorale-giovanile\/wp-json\/wp\/v2\/posts\/2078\/revisions"}],"predecessor-version":[{"id":2082,"href":"https:\/\/oldpatriarcatovenezia.glauco.it\/pastorale-giovanile\/wp-json\/wp\/v2\/posts\/2078\/revisions\/2082"}],"wp:featuredmedia":[{"embeddable":true,"href":"https:\/\/oldpatriarcatovenezia.glauco.it\/pastorale-giovanile\/wp-json\/wp\/v2\/media\/2080"}],"wp:attachment":[{"href":"https:\/\/oldpatriarcatovenezia.glauco.it\/pastorale-giovanile\/wp-json\/wp\/v2\/media?parent=2078"}],"wp:term":[{"taxonomy":"category","embeddable":true,"href":"https:\/\/oldpatriarcatovenezia.glauco.it\/pastorale-giovanile\/wp-json\/wp\/v2\/categories?post=2078"},{"taxonomy":"post_tag","embeddable":true,"href":"https:\/\/oldpatriarcatovenezia.glauco.it\/pastorale-giovanile\/wp-json\/wp\/v2\/tags?post=2078"}],"curies":[{"name":"wp","href":"https:\/\/api.w.org\/{rel}","templated":true}]}}