{"id":2037,"date":"2017-11-13T09:25:09","date_gmt":"2017-11-13T08:25:09","guid":{"rendered":"https:\/\/www.patriarcatovenezia.it\/pastorale-giovanile\/?p=2037"},"modified":"2017-11-13T09:32:46","modified_gmt":"2017-11-13T08:32:46","slug":"i-giovani-per-giotto","status":"publish","type":"post","link":"https:\/\/oldpatriarcatovenezia.glauco.it\/pastorale-giovanile\/2017\/11\/13\/i-giovani-per-giotto\/","title":{"rendered":"I giovani per Giotto"},"content":{"rendered":"<hr \/>\n<p class=\"entry-title\"><strong>A Venezia, un\u2019esperienza di alternanza scuola lavoro<\/strong><\/p>\n<p>Dare agli studenti la possibilit\u00e0 di fare esperienza lavorativa, interagire con il prossimo, conoscere la bellezza e avvicinarsi alla fede.<\/p>\n<p>\u00c8 questo il progetto intitolato \u201cLa Cappella degli Scrovegni: un\u2019affascinante risorsa per tutta la scuola veneta a 750 anni dalla nascita di Giotto\u201d, proposto come esperienza di alternanza scuola-lavoro per le scuole superiori.<\/p>\n<img loading=\"lazy\" class=\"aligncenter size-large wp-image-3518\" src=\"https:\/\/www.genteveneta.it\/wp-content\/uploads\/2017\/11\/due-1024x768.jpg\" alt=\"\" width=\"1024\" height=\"768\" \/>\n<p>&nbsp;<\/p>\n<p>Il progetto, ideato dall\u2019Associazione di Chioggia \u201cCentro Culturale Terzo Millennio\u201d, nata nel 2002 con lo scopo di creare eventi culturali, di cui \u00e8 presidente il prof. Luigi Boscolo, \u00e8 sovvenzionato dalla Regione Veneto in collaborazione con l\u2019Ufficio Scolastico Regionale e promosso dall\u2019Ufficio di Pastorale Scolastica, di cui \u00e8 direttore don Francesco Marchesi, con la consulenza dell\u2019Ufficio per la Pastorale dei Beni Culturali e del Turismo della diocesi.<\/p>\n<p><b>La mostra toccher\u00e0 15 citt\u00e0 del Veneto.<\/b>\u00a0Il progetto consiste nella circuitazione della mostra: \u201cGiotto. La cappella degli Scrovegni\u201d che toccher\u00e0 15 citt\u00e0 del Veneto durante tutto l\u2019anno scolastico. Prima tappa della mostra gratuita \u00e8 la Scuola Grande di San Rocco dove questa \u00e8 stata allestita al piano terra e aperta al pubblico da luned\u00ec 6.<\/p>\n<p>La mostra, curata dal prof. Roberto Filippetti, consiste nella riproduzione in alta definizione della cappella degli Scrovegni in scala 1:4, un\u2019installazione portata in giro per il mondo gi\u00e0 140 volte e che ha interessato pi\u00f9 di 900.000 persone, ma mai fino ad oggi aveva raggiunto una tale definitezza, grazie anche all\u2019aggiunta della rappresentazione degli affreschi della volta che non erano mai stati riprodotti.<\/p>\n<img loading=\"lazy\" class=\"aligncenter size-large wp-image-3519\" src=\"https:\/\/www.genteveneta.it\/wp-content\/uploads\/2017\/11\/tre-1024x679.jpg\" alt=\"\" width=\"1024\" height=\"679\" \/>\n<p>&nbsp;<\/p>\n<p>\u00abIl progetto consente di ammirare con maggiore leggibilit\u00e0 gli affreschi giotteschi nei minimi particolari ed \u00e8 volto a preparare gli studenti ad apprezzare l\u2019opera originale, permettendo di approfondire il nostro patrimonio artistico-culturale e le conoscenze su Giotto\u00bb spiega il prof. Boscolo.<\/p>\n<p><b>All\u2019opera 120 studenti di licei e istituti tecnici.<\/b>\u00a0Centoventi sono gli studenti degli istituti Bruno-Franchetti, Marco Polo, Foscarini, Fermi e Gritti che si alterneranno per accogliere ogni giorno scolaresche e turisti per fare loro da guida, spiegare le tematiche e quanto \u00e8 rappresentato negli affreschi.<\/p>\n<p>Gli studenti, oltre a fare da guida, durante la durata della mostra si impegneranno a turno anche nello svolgere l\u2019accoglienza all\u2019entrata della Scuola Grande, invitando i presenti ad unirsi alla visita guidata; nel prestare servizio al bookshop della mostra o ancora nel controllare che le persone che vogliono continuare la visita al piano superiore siano munite di biglietto.<\/p>\n<img loading=\"lazy\" class=\"aligncenter size-large wp-image-3520\" src=\"https:\/\/www.genteveneta.it\/wp-content\/uploads\/2017\/11\/quattro-1024x768.jpg\" alt=\"\" width=\"1024\" height=\"768\" \/>\n<p>&nbsp;<\/p>\n<p>Un\u2019altra parte di studenti durante il giorno sar\u00e0 invece impegnata nel gestire, presso la Domus Civica, la parte social relativa all\u2019evento, provvedendo ad aggiornare le pagine Facebook e Instagram con foto, aneddoti e interviste.<\/p>\n<p>Quattro sono gli incontri di formazione preparatoria a cui gli studenti hanno partecipato prima dell\u2019apertura della mostra. Il primo incontro, tenuto dal prof. Filippetti, ha aiutato gli studenti ad entrare nel vivo del ciclo pittorico grazie a materiali audiovisivi che si soffermavano sulle particolarit\u00e0 degli affreschi.<\/p>\n<p><b>Un evento con radici nella fede: come raccontarlo?\u00a0<\/b>Un secondo appuntamento \u00e8 stato incentrato sulla scoperta della Scuola Grande dove la prof. Ester Brunet ha spiegato perch\u00e9 si \u00e8 deciso di installare la mostra proprio all\u2019interno della sede della confraternita caritativa, mettendo in luce il valore catechetico e didascalico delle immagini e le corrispondenze tra i due cicli pittorici, quello giottesco e tintorettiano, che hanno come patrimonio comune la storia del Vangelo.<\/p>\n<p>Diverso \u00e8 stato l\u2019intervento di don Gianmatteo Caputo che ha spiegato ai ragazzi cosa significa promuovere un evento culturale che abbia radici legate alla Chiesa e alla fede cristiana. L\u2019ultima fase preparatoria ha visto gli studenti impegnati in una prova generale di visita, a mostra gi\u00e0 allestita, guidati dal prof. Filippetti. \u00abOggi, in un contesto giovanile molto confuso, creare occasioni di incontro serio, rigoroso e lavorativo dove gli studenti sono chiamati a misurarsi con le loro capacit\u00e0 \u00e8 occasione per farli riflettere e aiutarli a capire che direzione deve prendere la loro vita\u00bb dice don Francesco Marchesi, spiegando di aver aderito subito al progetto.<\/p>\n<img loading=\"lazy\" class=\"aligncenter size-large wp-image-3521\" src=\"https:\/\/www.genteveneta.it\/wp-content\/uploads\/2017\/11\/ultima-1024x768.jpg\" alt=\"\" width=\"1024\" height=\"768\" \/>\n<p>&nbsp;<\/p>\n<p>\u00abIn questo modo possiamo avvicinare gli studenti a realt\u00e0 del nostro patrimonio culturale che ci sono care ma al tempo stesso avere la possibilit\u00e0 di formare i ragazzi, permettendo loro di creare occasioni di incontro e amicizia. Importante \u00e8 che i ragazzi, oltre a conoscere le nozioni \u2013 prosegue don Francesco \u2013 capiscano il contenuto di questi messaggi. In certi casi l\u2019alternanza scuola-lavoro \u00e8 diventata anche occasione inaspettata di evangelizzazione\u00bb ha sottolineato infine, portando l\u2019esempio di una ragazza che non aveva mai partecipato ad un\u2019ora di religione a scuola ma che si \u00e8 subito appassionata a spiegare il Vangelo dipinto da Giotto.<\/p>\n<p><b>Fino al 3 dicembre.\u00a0<\/b>La mostra didattica rester\u00e0 aperta tutti i giorni fino al 3 dicembre dalle 9.30 alle 17.30. Per info e prenotazioni visitare il sito creato dagli studenti del Franchetti www.giottofascuola.it. Il progetto reginale sar\u00e0 inoltre presentato alla cittadinanza il 16 novembre alle 17.30 presso la Scuola Grande.<\/p>\n<p style=\"text-align: right\">[articolo di Francesca Catalano su <a href=\"http:\/\/www.genteveneta.it\/gvfocus\/giovani-giotto-inizia-venezia-unesperienza-alternanza-scuola-lavoro\/\">genteveneta.it<\/a>]<\/p>\n<hr \/>\n<h4 style=\"text-align: center\"><strong><a href=\"https:\/\/www.facebook.com\/giottofascuola\/\">SITO &#8220;GIOTTO FA SCUOLA&#8221;<\/a><\/strong><\/h4>\n<h4 style=\"text-align: center\"><\/h4>\n<h4 style=\"text-align: center\"><strong><a href=\"http:\/\/Instagram.com\/giottofascuola\">Instagram.com\/giottofascuola<\/a><\/strong><\/h4>\n","protected":false},"excerpt":{"rendered":"<p>A Venezia, un\u2019esperienza di alternanza scuola lavoro Dare agli studenti la possibilit\u00e0 di fare esperienza lavorativa, interagire con il prossimo, conoscere la bellezza e avvicinarsi alla fede. \u00c8 questo il progetto intitolato \u201cLa Cappella degli Scrovegni: un\u2019affascinante risorsa per tutta la scuola veneta a 750 anni dalla nascita di Giotto\u201d, proposto come esperienza di alternanza&#8230;  <a class=\"excerpt-read-more\" href=\"https:\/\/oldpatriarcatovenezia.glauco.it\/pastorale-giovanile\/2017\/11\/13\/i-giovani-per-giotto\/\" title=\"Leggi I giovani per Giotto\">&raquo; continua<\/a><\/p>\n","protected":false},"author":10,"featured_media":2038,"comment_status":"closed","ping_status":"closed","sticky":false,"template":"","format":"standard","meta":{"ip_address":"","user_agent":"","level":"","revision":"","cookie_id":"","page_referer":"","html_form":""},"categories":[306,88,307,1],"tags":[],"acf":[],"_links":{"self":[{"href":"https:\/\/oldpatriarcatovenezia.glauco.it\/pastorale-giovanile\/wp-json\/wp\/v2\/posts\/2037"}],"collection":[{"href":"https:\/\/oldpatriarcatovenezia.glauco.it\/pastorale-giovanile\/wp-json\/wp\/v2\/posts"}],"about":[{"href":"https:\/\/oldpatriarcatovenezia.glauco.it\/pastorale-giovanile\/wp-json\/wp\/v2\/types\/post"}],"author":[{"embeddable":true,"href":"https:\/\/oldpatriarcatovenezia.glauco.it\/pastorale-giovanile\/wp-json\/wp\/v2\/users\/10"}],"replies":[{"embeddable":true,"href":"https:\/\/oldpatriarcatovenezia.glauco.it\/pastorale-giovanile\/wp-json\/wp\/v2\/comments?post=2037"}],"version-history":[{"count":3,"href":"https:\/\/oldpatriarcatovenezia.glauco.it\/pastorale-giovanile\/wp-json\/wp\/v2\/posts\/2037\/revisions"}],"predecessor-version":[{"id":2041,"href":"https:\/\/oldpatriarcatovenezia.glauco.it\/pastorale-giovanile\/wp-json\/wp\/v2\/posts\/2037\/revisions\/2041"}],"wp:featuredmedia":[{"embeddable":true,"href":"https:\/\/oldpatriarcatovenezia.glauco.it\/pastorale-giovanile\/wp-json\/wp\/v2\/media\/2038"}],"wp:attachment":[{"href":"https:\/\/oldpatriarcatovenezia.glauco.it\/pastorale-giovanile\/wp-json\/wp\/v2\/media?parent=2037"}],"wp:term":[{"taxonomy":"category","embeddable":true,"href":"https:\/\/oldpatriarcatovenezia.glauco.it\/pastorale-giovanile\/wp-json\/wp\/v2\/categories?post=2037"},{"taxonomy":"post_tag","embeddable":true,"href":"https:\/\/oldpatriarcatovenezia.glauco.it\/pastorale-giovanile\/wp-json\/wp\/v2\/tags?post=2037"}],"curies":[{"name":"wp","href":"https:\/\/api.w.org\/{rel}","templated":true}]}}