{"id":1975,"date":"2017-10-27T15:45:22","date_gmt":"2017-10-27T13:45:22","guid":{"rendered":"https:\/\/www.patriarcatovenezia.it\/pastorale-giovanile\/?p=1975"},"modified":"2017-11-27T12:44:13","modified_gmt":"2017-11-27T11:44:13","slug":"pellegrinaggio-alla-salute-2017","status":"publish","type":"post","link":"https:\/\/oldpatriarcatovenezia.glauco.it\/pastorale-giovanile\/2017\/10\/27\/pellegrinaggio-alla-salute-2017\/","title":{"rendered":"Pellegrinaggio alla Salute 2017"},"content":{"rendered":"<hr \/>\n<p><strong><span style=\"color: #ff0000\">Si rinnova anche quest&#8217;anno il gesto di giovane devozione alla Madonna della Salute!<\/span><\/strong> <strong>Luned\u00ec 20 novembre<\/strong>\u00a0alle <strong>ore 18.15<\/strong> ci ritroveremo in Piazza San Marco; da qui a piedi e pregando il S. Rosario ci porteremo verso la Basilica della Salute, guidati dal Patriarca Francesco e affideremo la nostra vita a Maria.<\/p>\n<blockquote>\n<h5><span style=\"color: #808080\"><em>\u201cCercavano Ges\u00f9\u201d. Saremo pellegrini alla Salute consapevoli che nella vita siamo sempre esposti alla possibilit\u00e0 di perdere il Signore Ges\u00f9; saremo pellegrini perch\u00e9 desideriamo cercare e ritrovare il Signore.<\/em><\/span><\/h5>\n<\/blockquote>\n<hr \/>\n<p>INTRODUZIONE E SPIEGAZIONE DEL GESTO:<\/p>\n<ul>\n<li><a href=\"https:\/\/www.patriarcatovenezia.it\/pastorale-giovanile\/wp-content\/uploads\/sites\/6\/2017\/10\/festa-salute_CERCAVANO-GESU.pdf\">festa salute_CERCAVANO GESU<\/a><\/li>\n<\/ul>\n<p>MATERIALE UTILE:<\/p>\n<ul>\n<li><a href=\"https:\/\/www.patriarcatovenezia.it\/pastorale-giovanile\/wp-content\/uploads\/sites\/6\/2017\/10\/lectio-lc-2-41_52.pdf\">lectio lc 2 41_52<\/a><\/li>\n<li><a href=\"https:\/\/www.patriarcatovenezia.it\/pastorale-giovanile\/wp-content\/uploads\/sites\/6\/2017\/10\/la-categoria-biblica-del-pellegrinaggio-e-il-suo-simbolismo_NPG.pdf\">la-categoria-biblica-del-pellegrinaggio-e-il-suo-simbolismo_NPG<\/a><\/li>\n<li><a href=\"https:\/\/www.patriarcatovenezia.it\/pastorale-giovanile\/wp-content\/uploads\/sites\/6\/2017\/10\/sulle-strade-del-cuore-e-del-mondo_mendonca.pdf\">sulle strade del cuore e del mondo_mendonca<\/a><\/li>\n<\/ul>\n<p>LETTURE E CANTI DURANTE IL PELLEGRINAGGIO:<\/p>\n<ul>\n<li><a href=\"https:\/\/www.patriarcatovenezia.it\/pastorale-giovanile\/wp-content\/uploads\/sites\/6\/2017\/10\/flyer-salute-canti.pdf\">flyer salute canti<\/a><\/li>\n<\/ul>\n<blockquote class=\"wp-embedded-content\" data-secret=\"8RYMpYgAqX\"><p><a href=\"https:\/\/www.patriarcatovenezia.it\/pastorale-giovanile\/s-videogallery\/video-salute-2017-il-pellegrinaggio-dei-giovani\/\">Video Salute 2017 &#8211; il Pellegrinaggio dei giovani<\/a><\/p><\/blockquote>\n<p><iframe class=\"wp-embedded-content\" sandbox=\"allow-scripts\" security=\"restricted\" style=\"position: absolute; clip: rect(1px, 1px, 1px, 1px);\" src=\"https:\/\/www.patriarcatovenezia.it\/pastorale-giovanile\/s-videogallery\/video-salute-2017-il-pellegrinaggio-dei-giovani\/embed\/#?secret=8RYMpYgAqX\" data-secret=\"8RYMpYgAqX\" width=\"500\" height=\"282\" title=\"&#8220;Video Salute 2017 &#8211; il Pellegrinaggio dei giovani&#8221; &#8212; Pastorale giovanile\" frameborder=\"0\" marginwidth=\"0\" marginheight=\"0\" scrolling=\"no\"><\/iframe><\/p>\n<blockquote class=\"wp-embedded-content\" data-secret=\"uPuqcAhnNj\"><p><a href=\"https:\/\/www.patriarcatovenezia.it\/pastorale-giovanile\/s-photogallery\/pellegrinaggio-salute-2017\/\">Pellegrinaggio Salute 2017 &#8211; photo<\/a><\/p><\/blockquote>\n<p><iframe class=\"wp-embedded-content\" sandbox=\"allow-scripts\" security=\"restricted\" style=\"position: absolute; clip: rect(1px, 1px, 1px, 1px);\" src=\"https:\/\/www.patriarcatovenezia.it\/pastorale-giovanile\/s-photogallery\/pellegrinaggio-salute-2017\/embed\/#?secret=uPuqcAhnNj\" data-secret=\"uPuqcAhnNj\" width=\"500\" height=\"282\" title=\"&#8220;Pellegrinaggio Salute 2017 &#8211; photo&#8221; &#8212; Pastorale giovanile\" frameborder=\"0\" marginwidth=\"0\" marginheight=\"0\" scrolling=\"no\"><\/iframe><\/p>\n<blockquote class=\"wp-embedded-content\" data-secret=\"en31OgPGRx\"><p><a href=\"https:\/\/www.patriarcatovenezia.it\/pastorale-giovanile\/2017\/11\/23\/seguite-la-ricerca-di-cristo-fatta-da-madeleine-delbrel\/\">\u00abSeguite la ricerca di Cristo fatta da Madeleine Delbrel\u00bb<\/a><\/p><\/blockquote>\n<p><iframe class=\"wp-embedded-content\" sandbox=\"allow-scripts\" security=\"restricted\" style=\"position: absolute; clip: rect(1px, 1px, 1px, 1px);\" src=\"https:\/\/www.patriarcatovenezia.it\/pastorale-giovanile\/2017\/11\/23\/seguite-la-ricerca-di-cristo-fatta-da-madeleine-delbrel\/embed\/#?secret=en31OgPGRx\" data-secret=\"en31OgPGRx\" width=\"500\" height=\"282\" title=\"&#8220;\u00abSeguite la ricerca di Cristo fatta da Madeleine Delbrel\u00bb&#8221; &#8212; Pastorale giovanile\" frameborder=\"0\" marginwidth=\"0\" marginheight=\"0\" scrolling=\"no\"><\/iframe><\/p>\n<blockquote class=\"wp-embedded-content\" data-secret=\"Wgkd9kyq5K\"><p><a href=\"https:\/\/www.patriarcatovenezia.it\/pastorale-giovanile\/2017\/11\/27\/madeleine-delbrel-la-ricerca-di-cristo\/\">Madeleine Delbr\u00eal, la ricerca di Cristo<\/a><\/p><\/blockquote>\n<p><iframe class=\"wp-embedded-content\" sandbox=\"allow-scripts\" security=\"restricted\" style=\"position: absolute; clip: rect(1px, 1px, 1px, 1px);\" src=\"https:\/\/www.patriarcatovenezia.it\/pastorale-giovanile\/2017\/11\/27\/madeleine-delbrel-la-ricerca-di-cristo\/embed\/#?secret=Wgkd9kyq5K\" data-secret=\"Wgkd9kyq5K\" width=\"500\" height=\"282\" title=\"&#8220;Madeleine Delbr\u00eal, la ricerca di Cristo&#8221; &#8212; Pastorale giovanile\" frameborder=\"0\" marginwidth=\"0\" marginheight=\"0\" scrolling=\"no\"><\/iframe><\/p>\n<hr \/>\n<p><em><strong>Scarica e diffondi la locandina e il flyer!<\/strong><\/em><\/p>\n","protected":false},"excerpt":{"rendered":"<p>Si rinnova anche quest&#8217;anno il gesto di giovane devozione alla Madonna della Salute! Luned\u00ec 20 novembre\u00a0alle ore 18.15 ci ritroveremo in Piazza San Marco; da qui a piedi e pregando il S. Rosario ci porteremo verso la Basilica della Salute, guidati dal Patriarca Francesco e affideremo la nostra vita a Maria. \u201cCercavano Ges\u00f9\u201d. Saremo pellegrini&#8230;  <a class=\"excerpt-read-more\" href=\"https:\/\/oldpatriarcatovenezia.glauco.it\/pastorale-giovanile\/2017\/10\/27\/pellegrinaggio-alla-salute-2017\/\" title=\"Leggi Pellegrinaggio alla Salute 2017\">&raquo; continua<\/a><\/p>\n","protected":false},"author":10,"featured_media":1979,"comment_status":"closed","ping_status":"closed","sticky":false,"template":"","format":"standard","meta":{"ip_address":"","user_agent":"","level":"","revision":"","cookie_id":"","page_referer":"","html_form":""},"categories":[306,88,307,1,108,311,312,110],"tags":[],"acf":[],"_links":{"self":[{"href":"https:\/\/oldpatriarcatovenezia.glauco.it\/pastorale-giovanile\/wp-json\/wp\/v2\/posts\/1975"}],"collection":[{"href":"https:\/\/oldpatriarcatovenezia.glauco.it\/pastorale-giovanile\/wp-json\/wp\/v2\/posts"}],"about":[{"href":"https:\/\/oldpatriarcatovenezia.glauco.it\/pastorale-giovanile\/wp-json\/wp\/v2\/types\/post"}],"author":[{"embeddable":true,"href":"https:\/\/oldpatriarcatovenezia.glauco.it\/pastorale-giovanile\/wp-json\/wp\/v2\/users\/10"}],"replies":[{"embeddable":true,"href":"https:\/\/oldpatriarcatovenezia.glauco.it\/pastorale-giovanile\/wp-json\/wp\/v2\/comments?post=1975"}],"version-history":[{"count":10,"href":"https:\/\/oldpatriarcatovenezia.glauco.it\/pastorale-giovanile\/wp-json\/wp\/v2\/posts\/1975\/revisions"}],"predecessor-version":[{"id":2089,"href":"https:\/\/oldpatriarcatovenezia.glauco.it\/pastorale-giovanile\/wp-json\/wp\/v2\/posts\/1975\/revisions\/2089"}],"wp:featuredmedia":[{"embeddable":true,"href":"https:\/\/oldpatriarcatovenezia.glauco.it\/pastorale-giovanile\/wp-json\/wp\/v2\/media\/1979"}],"wp:attachment":[{"href":"https:\/\/oldpatriarcatovenezia.glauco.it\/pastorale-giovanile\/wp-json\/wp\/v2\/media?parent=1975"}],"wp:term":[{"taxonomy":"category","embeddable":true,"href":"https:\/\/oldpatriarcatovenezia.glauco.it\/pastorale-giovanile\/wp-json\/wp\/v2\/categories?post=1975"},{"taxonomy":"post_tag","embeddable":true,"href":"https:\/\/oldpatriarcatovenezia.glauco.it\/pastorale-giovanile\/wp-json\/wp\/v2\/tags?post=1975"}],"curies":[{"name":"wp","href":"https:\/\/api.w.org\/{rel}","templated":true}]}}