{"id":1886,"date":"2017-09-29T08:11:02","date_gmt":"2017-09-29T06:11:02","guid":{"rendered":"https:\/\/www.patriarcatovenezia.it\/pastorale-giovanile\/?p=1886"},"modified":"2017-09-29T08:11:02","modified_gmt":"2017-09-29T06:11:02","slug":"a-roma-lincontro-dei-giovani-italiani-col-papa","status":"publish","type":"post","link":"https:\/\/oldpatriarcatovenezia.glauco.it\/pastorale-giovanile\/2017\/09\/29\/a-roma-lincontro-dei-giovani-italiani-col-papa\/","title":{"rendered":"A Roma l\u2019incontro dei giovani italiani col Papa"},"content":{"rendered":"<div id=\"pg-w577e0ca66d7f6-0\" class=\"panel-grid panel-no-style\"><\/div>\n<div id=\"pg-w577e0ca66d7f6-1\" class=\"panel-grid panel-has-style\">\n<div class=\"row seed_content_tbt_single_article_wrapper panel-row-style panel-row-style-for-w577e0ca66d7f6-1\">\n<div id=\"pgc-w577e0ca66d7f6-1-0\" class=\"panel-grid-cell\"><\/div>\n<div id=\"pgc-w577e0ca66d7f6-1-1\" class=\"panel-grid-cell\">\n<div class=\"col-lg-9 cci-content-tbt-page-wrapper-content panel-cell-style panel-cell-style-for-w577e0ca66d7f6-1-1\">\n<div id=\"panel-w577e0ca66d7f6-1-1-0\" class=\"so-panel widget widget_text panel-first-child panel-last-child\">\n<div class=\"textwidget\">\n<p><strong>Sabato 11 e domenica 12 agosto 2018 Papa Francesco<\/strong> incontrer\u00e0 i <strong>giovani italiani<\/strong> che giungeranno <strong>a Roma<\/strong> da tutte le diocesi d&#8217;Italia per pregare insieme in vista del Sinodo dei Giovani di ottobre.<\/p>\n<p>I ragazzi arriveranno nella Capitale dopo aver percorso nei giorni precedenti le strade e i luoghi legati alla piet\u00e0 popolare, i santuari mariani e quelli\u00a0dedicati ai santi\u00a0della loro diocesi. L\u2019Italia tutta si metter\u00e0 \u2018in cammino\u2019 poich\u00e9 questo grande pellegrinaggio diffuso nelle regioni e nelle diocesi italiane, avr\u00e0 come destinazione finale\u00a0il ritrovo a Roma per la veglia di preghiera con il Santo Padre che sar\u00e0 dedicata al Sinodo dei Giovani. L\u2019incontro si concluder\u00e0 domenica mattina con la Messa.<\/p>\n<p>Il Sinodo \u00e8 una opportunit\u00e0 importante che apre molte possibilit\u00e0 all\u2019ascolto dei giovani e sulle pratiche di pastorale giovanile presenti sul territorio.<\/p>\n<p>Come si legge nel comunicato stampa finale del Consiglio Permanente della CEI, \u201c<em>tra le iniziative promosse dal Servizio Nazionale \u2013 oltre a uno strumento informatico per sostenere l\u2019ascolto dei giovani, accessibile da gennaio \u2013 la costituzione a livello diocesano di un gruppo di lavoro che coinvolga, accanto a rappresentanti della pastorale giovanile, quelli della pastorale vocazionale, di quella familiare e di quella scolastica<\/em>\u201d. Tutto questo anche in vista della prossima estate che \u201c<em>vedr\u00e0 le Diocesi proporre ai giovani pellegrinaggi verso luoghi di spiritualit\u00e0 e convergere, quindi, nei giorni 11-12 agosto a Roma per l\u2019incontro con il Santo Padre<\/em>\u201d.<\/p>\n<p style=\"text-align: right\">[<a href=\"http:\/\/giovani.chiesacattolica.it\/a-roma-lincontro-dei-giovani-italiani-col-papa\/\">fonte<\/a>]<\/p>\n<\/div>\n<\/div>\n<\/div>\n<\/div>\n<\/div>\n<\/div>\n","protected":false},"excerpt":{"rendered":"<p>Sabato 11 e domenica 12 agosto 2018 Papa Francesco incontrer\u00e0 i giovani italiani che giungeranno a Roma da tutte le diocesi d&#8217;Italia per pregare insieme in vista del Sinodo dei Giovani di ottobre. I ragazzi arriveranno nella Capitale dopo aver percorso nei giorni precedenti le strade e i luoghi legati alla piet\u00e0 popolare, i santuari&#8230;  <a class=\"excerpt-read-more\" href=\"https:\/\/oldpatriarcatovenezia.glauco.it\/pastorale-giovanile\/2017\/09\/29\/a-roma-lincontro-dei-giovani-italiani-col-papa\/\" title=\"Leggi A Roma l\u2019incontro dei giovani italiani col Papa\">&raquo; continua<\/a><\/p>\n","protected":false},"author":10,"featured_media":1887,"comment_status":"closed","ping_status":"closed","sticky":false,"template":"","format":"standard","meta":{"ip_address":"","user_agent":"","level":"","revision":"","cookie_id":"","page_referer":"","html_form":""},"categories":[306,307,1,313],"tags":[],"acf":[],"_links":{"self":[{"href":"https:\/\/oldpatriarcatovenezia.glauco.it\/pastorale-giovanile\/wp-json\/wp\/v2\/posts\/1886"}],"collection":[{"href":"https:\/\/oldpatriarcatovenezia.glauco.it\/pastorale-giovanile\/wp-json\/wp\/v2\/posts"}],"about":[{"href":"https:\/\/oldpatriarcatovenezia.glauco.it\/pastorale-giovanile\/wp-json\/wp\/v2\/types\/post"}],"author":[{"embeddable":true,"href":"https:\/\/oldpatriarcatovenezia.glauco.it\/pastorale-giovanile\/wp-json\/wp\/v2\/users\/10"}],"replies":[{"embeddable":true,"href":"https:\/\/oldpatriarcatovenezia.glauco.it\/pastorale-giovanile\/wp-json\/wp\/v2\/comments?post=1886"}],"version-history":[{"count":1,"href":"https:\/\/oldpatriarcatovenezia.glauco.it\/pastorale-giovanile\/wp-json\/wp\/v2\/posts\/1886\/revisions"}],"predecessor-version":[{"id":1888,"href":"https:\/\/oldpatriarcatovenezia.glauco.it\/pastorale-giovanile\/wp-json\/wp\/v2\/posts\/1886\/revisions\/1888"}],"wp:featuredmedia":[{"embeddable":true,"href":"https:\/\/oldpatriarcatovenezia.glauco.it\/pastorale-giovanile\/wp-json\/wp\/v2\/media\/1887"}],"wp:attachment":[{"href":"https:\/\/oldpatriarcatovenezia.glauco.it\/pastorale-giovanile\/wp-json\/wp\/v2\/media?parent=1886"}],"wp:term":[{"taxonomy":"category","embeddable":true,"href":"https:\/\/oldpatriarcatovenezia.glauco.it\/pastorale-giovanile\/wp-json\/wp\/v2\/categories?post=1886"},{"taxonomy":"post_tag","embeddable":true,"href":"https:\/\/oldpatriarcatovenezia.glauco.it\/pastorale-giovanile\/wp-json\/wp\/v2\/tags?post=1886"}],"curies":[{"name":"wp","href":"https:\/\/api.w.org\/{rel}","templated":true}]}}