{"id":1812,"date":"2017-09-21T09:22:30","date_gmt":"2017-09-21T07:22:30","guid":{"rendered":"https:\/\/www.patriarcatovenezia.it\/pastorale-giovanile\/?p=1812"},"modified":"2017-09-21T09:22:30","modified_gmt":"2017-09-21T07:22:30","slug":"credi-lotta-ama-sogna","status":"publish","type":"post","link":"https:\/\/oldpatriarcatovenezia.glauco.it\/pastorale-giovanile\/2017\/09\/21\/credi-lotta-ama-sogna\/","title":{"rendered":"Credi, lotta, ama, sogna!"},"content":{"rendered":"<h4 style=\"text-align: left\" align=\"center\"><span style=\"color: #993300\"><em><span style=\"color: #003300\">Papa Francesco nell&#8217;<\/span><span style=\"color: #ff0000\"><a style=\"color: #ff0000\" href=\"http:\/\/w2.vatican.va\/content\/francesco\/it\/audiences\/2017\/documents\/papa-francesco_20170920_udienza-generale.html\">udienza generale di mercoled\u00ec 20 settembre 2017<\/a><\/span> <span style=\"color: #003300\">ha\u00a0rivolto ai presenti parole cristalline e piene di carica di vita sul tema &#8220;Educare alla speranza&#8221;.<\/span><\/em><\/span><\/h4>\n<h4 style=\"text-align: left\" align=\"center\"><strong><span style=\"color: #003300\"><em>&#8230;da leggere e condividere!<\/em><\/span><\/strong><\/h4>\n<hr \/>\n<p><i>Cari fratelli e sorelle, buongiorno!<\/i><\/p>\n<p>La catechesi di oggi ha per tema: \u201c<i>educare alla speranza<\/i>\u201d. E per questo io la rivolger\u00f2 direttamente, con il \u201ctu\u201d, immaginando di parlare come educatore, come padre a un giovane, o a qualsiasi persona aperta ad imparare.<\/p>\n<p>Pensa, l\u00ec dove Dio ti ha seminato, spera! Sempre spera.<\/p>\n<p>Non arrenderti alla notte: ricorda che il primo nemico da sottomettere non \u00e8 fuori di te: \u00e8 dentro. Pertanto, non concedere spazio ai pensieri amari, oscuri. Questo mondo \u00e8 il primo miracolo che Dio ha fatto, e Dio ha messo nelle nostre mani la grazia di nuovi prodigi. Fede e speranza procedono insieme. Credi all\u2019esistenza delle verit\u00e0 pi\u00f9 alte e pi\u00f9 belle. Confida in Dio Creatore, nello Spirito Santo che muove tutto verso il bene, nell\u2019abbraccio di Cristo che attende ogni uomo alla fine della sua esistenza; credi, Lui ti aspetta. Il mondo cammina grazie allo sguardo di tanti uomini che hanno aperto brecce, che hanno costruito ponti, che hanno sognato e creduto; anche quando intorno a s\u00e9 sentivano parole di derisione.<\/p>\n<p>Non pensare mai che la lotta che conduci quaggi\u00f9 sia del tutto inutile. Alla fine dell\u2019esistenza non ci aspetta il naufragio: in noi palpita un seme di assoluto. Dio non delude: se ha posto una speranza nei nostri cuori, non la vuole stroncare con continue frustrazioni. Tutto nasce per fiorire in un\u2019eterna primavera. Anche Dio ci ha fatto per fiorire. Ricordo quel dialogo, quando la quercia ha chiesto al mandorlo: \u201cParlami di Dio\u201d. E il mandorlo fior\u00ec.<\/p>\n<p>Ovunque tu sia, costruisci! Se sei a terra, alzati! Non rimanere mai caduto, alzati, lasciati aiutare per essere in piedi. Se sei seduto, mettiti in cammino! Se la noia ti paralizza, scacciala con le opere di bene! Se ti senti vuoto o demoralizzato, chiedi che lo Spirito Santo possa nuovamente riempire il tuo nulla.<\/p>\n<p>Opera la pace in mezzo agli uomini, e non ascoltare la voce di chi sparge odio e divisioni. Non ascoltare queste voci. Gli esseri umani, per quanto siano diversi gli uni dagli altri, sono stati creati per vivere insieme. Nei contrasti, pazienta: un giorno scoprirai che ognuno \u00e8 depositario di un frammento di verit\u00e0.<\/p>\n<p>Ama le persone. Amale ad una ad una. Rispetta il cammino di tutti, lineare o travagliato che sia, perch\u00e9 ognuno ha la sua storia da raccontare. Anche ognuno di noi ha la propria storia da raccontare. Ogni bambino che nasce \u00e8 la promessa di una vita che ancora una volta si dimostra pi\u00f9 forte della morte. Ogni amore che sorge \u00e8 una potenza di trasformazione che anela alla felicit\u00e0.<\/p>\n<p>Ges\u00f9 ci ha consegnato una luce che brilla nelle tenebre: difendila, proteggila. Quell\u2019unico lume \u00e8 la ricchezza pi\u00f9 grande affidata alla tua vita.<\/p>\n<p>E soprattutto, sogna! Non avere paura di sognare. Sogna! Sogna un mondo che ancora non si vede, ma che di certo arriver\u00e0. La speranza ci porta a credere all\u2019esistenza di una creazione che si estende fino al suo compimento definitivo, quando Dio sar\u00e0 tutto in tutti. Gli uomini capaci di immaginazione hanno regalato all\u2019uomo scoperte scientifiche e tecnologiche. Hanno solcato gli oceani, hanno calcato terre che nessuno aveva calpestato mai. Gli uomini che hanno coltivato speranze sono anche quelli che hanno vinto la schiavit\u00f9, e portato migliori condizioni di vita su questa terra. Pensate a questi uomini.<\/p>\n<p>Sii responsabile di questo mondo e della vita di ogni uomo. Pensa che ogni ingiustizia contro un povero \u00e8 una ferita aperta, e sminuisce la tua stessa dignit\u00e0. La vita non cessa con la tua esistenza, e in questo mondo verranno altre generazioni che succederanno alla nostra, e tante altre ancora. E ogni giorno domanda a Dio il dono del coraggio. Ricordati che Ges\u00f9 ha vinto per noi la paura. Lui ha vinto la paura! La nostra nemica pi\u00f9 infida non pu\u00f2 nulla contro la fede. E quando ti troverai impaurito davanti a qualche difficolt\u00e0 della vita, ricordati che tu non vivi solo per te stesso. Nel Battesimo la tua vita \u00e8 gi\u00e0 stata immersa nel mistero della Trinit\u00e0 e tu appartieni a Ges\u00f9. E se un giorno ti prendesse lo spavento, o tu pensassi che il male \u00e8 troppo grande per essere sfidato, pensa semplicemente che Ges\u00f9 vive in te. Ed \u00e8 Lui che, attraverso di te, con la sua mitezza vuole sottomettere tutti i nemici dell\u2019uomo: il peccato, l\u2019odio, il crimine, la violenza; tutti nostri nemici.<\/p>\n<p>Abbi sempre il coraggio della verit\u00e0, per\u00f2 ricordati: non sei superiore a nessuno. Ricordati di questo: non sei superiore a nessuno. Se tu fossi rimasto anche l\u2019ultimo a credere nella verit\u00e0, non rifuggire per questo dalla compagnia degli uomini. Anche se tu vivessi nel silenzio di un eremo, porta nel cuore le sofferenze di ogni creatura. Sei cristiano; e nella preghiera tutto riconsegni a Dio.<\/p>\n<p>E coltiva ideali. Vivi per qualcosa che supera l\u2019uomo. E se un giorno questi ideali ti dovessero chiedere un conto salato da pagare, non smettere mai di portarli nel tuo cuore. La fedelt\u00e0 ottiene tutto.<\/p>\n<p>Se sbagli, rialzati: nulla \u00e8 pi\u00f9 umano che commettere errori. E quegli stessi errori non devono diventare per te una prigione. Non essere ingabbiato nei tuoi errori. Il Figlio di Dio \u00e8 venuto non per i sani, ma per i malati: quindi \u00e8 venuto anche per te. E se sbaglierai ancora in futuro, non temere, rialzati! Sai perch\u00e9? Perch\u00e9 Dio \u00e8 tuo amico.<\/p>\n<p>Se ti colpisce l\u2019amarezza, credi fermamente in tutte le persone che ancora operano per il bene: nella loro umilt\u00e0 c\u2019\u00e8 il seme di un mondo nuovo. Frequenta le persone che hanno custodito il cuore come quello di un bambino. Impara dalla meraviglia, coltiva lo stupore.<\/p>\n<p>Vivi, ama, sogna, credi. E, con la grazia Dio, non disperare mai.<\/p>\n","protected":false},"excerpt":{"rendered":"<p>Papa Francesco nell&#8217;udienza generale di mercoled\u00ec 20 settembre 2017 ha\u00a0rivolto ai presenti parole cristalline e piene di carica di vita sul tema &#8220;Educare alla speranza&#8221;. &#8230;da leggere e condividere! Cari fratelli e sorelle, buongiorno! La catechesi di oggi ha per tema: \u201ceducare alla speranza\u201d. E per questo io la rivolger\u00f2 direttamente, con il \u201ctu\u201d, immaginando&#8230;  <a class=\"excerpt-read-more\" href=\"https:\/\/oldpatriarcatovenezia.glauco.it\/pastorale-giovanile\/2017\/09\/21\/credi-lotta-ama-sogna\/\" title=\"Leggi Credi, lotta, ama, sogna!\">&raquo; continua<\/a><\/p>\n","protected":false},"author":10,"featured_media":1813,"comment_status":"closed","ping_status":"closed","sticky":false,"template":"","format":"standard","meta":{"ip_address":"","user_agent":"","level":"","revision":"","cookie_id":"","page_referer":"","html_form":""},"categories":[1,312,110],"tags":[],"acf":[],"_links":{"self":[{"href":"https:\/\/oldpatriarcatovenezia.glauco.it\/pastorale-giovanile\/wp-json\/wp\/v2\/posts\/1812"}],"collection":[{"href":"https:\/\/oldpatriarcatovenezia.glauco.it\/pastorale-giovanile\/wp-json\/wp\/v2\/posts"}],"about":[{"href":"https:\/\/oldpatriarcatovenezia.glauco.it\/pastorale-giovanile\/wp-json\/wp\/v2\/types\/post"}],"author":[{"embeddable":true,"href":"https:\/\/oldpatriarcatovenezia.glauco.it\/pastorale-giovanile\/wp-json\/wp\/v2\/users\/10"}],"replies":[{"embeddable":true,"href":"https:\/\/oldpatriarcatovenezia.glauco.it\/pastorale-giovanile\/wp-json\/wp\/v2\/comments?post=1812"}],"version-history":[{"count":3,"href":"https:\/\/oldpatriarcatovenezia.glauco.it\/pastorale-giovanile\/wp-json\/wp\/v2\/posts\/1812\/revisions"}],"predecessor-version":[{"id":1816,"href":"https:\/\/oldpatriarcatovenezia.glauco.it\/pastorale-giovanile\/wp-json\/wp\/v2\/posts\/1812\/revisions\/1816"}],"wp:featuredmedia":[{"embeddable":true,"href":"https:\/\/oldpatriarcatovenezia.glauco.it\/pastorale-giovanile\/wp-json\/wp\/v2\/media\/1813"}],"wp:attachment":[{"href":"https:\/\/oldpatriarcatovenezia.glauco.it\/pastorale-giovanile\/wp-json\/wp\/v2\/media?parent=1812"}],"wp:term":[{"taxonomy":"category","embeddable":true,"href":"https:\/\/oldpatriarcatovenezia.glauco.it\/pastorale-giovanile\/wp-json\/wp\/v2\/categories?post=1812"},{"taxonomy":"post_tag","embeddable":true,"href":"https:\/\/oldpatriarcatovenezia.glauco.it\/pastorale-giovanile\/wp-json\/wp\/v2\/tags?post=1812"}],"curies":[{"name":"wp","href":"https:\/\/api.w.org\/{rel}","templated":true}]}}