{"id":1809,"date":"2017-09-15T15:03:48","date_gmt":"2017-09-15T13:03:48","guid":{"rendered":"https:\/\/www.patriarcatovenezia.it\/pastorale-giovanile\/?p=1809"},"modified":"2017-09-15T15:03:48","modified_gmt":"2017-09-15T13:03:48","slug":"pietre-vive-nella-pastorale-universitaria","status":"publish","type":"post","link":"https:\/\/oldpatriarcatovenezia.glauco.it\/pastorale-giovanile\/2017\/09\/15\/pietre-vive-nella-pastorale-universitaria\/","title":{"rendered":"&#8220;Pietre vive&#8221; nella pastorale universitaria"},"content":{"rendered":"<p>Se un pagano viene e ti dice: \u201cmostrami la tua fede!\u201d, tu portalo in chiesa e mostragli la decorazione di cui \u00e8 ornata, e spiegagli la serie dei sacri quadri\u00bb. Lo scriveva San Giovanni Damasceno, teologo dell\u2019VIII secolo.<\/p>\n<p>Mentre tutta la Pastorale universitaria veneziana, su pi\u00f9 fronti, si risveglia e riorganizza le sue diverse attivit\u00e0 per il nuovo anno \u2013 collegi e case che riaprono, conferenze da programmare, momenti di preghiera da vivere insieme \u2013 Pietre Vive, un gruppo di cinque ragazze volenterose, il 20 settembre invita tutta la citt\u00e0 alla presentazione della loro iniziativa.<\/p>\n<p>Di cosa si tratta? Pietre Vive \u00e8 una comunit\u00e0 internazionale che appartiene alla rete dei Gesuiti. Il loro obiettivo \u00e8 innanzitutto una nuova forma di evangelizzazione, che passa attraverso la bellezza del nostro patrimonio artistico.<\/p>\n<p>I volontari del servizio, in tutta Europa e non solo, diventano \u201cciceroni\u201d di alcune chiese della propria citt\u00e0, offrendo gratuitamente un servizio di guida ai turisti interessati. Lo spirito \u00e8 quello indicato dalla bella frase di San Giovanni Damasceno: per mostrare veramente la propria fede \u00e8 necessario far entrare chi lo desidera nella bellezza che la esprime. Solo con questo fascino quelle pietre addormentate e morte possono diventare, come dice San Pietro, le pietre vive che reggono la Chiesa.<\/p>\n<p>A Venezia questa realt\u00e0 \u00e8 nata l\u2019anno scorso, su propulsione coraggiosa di alcune ragazze universitarie, che quest\u2019estate hanno fatto da guide alla chiesa dei Gesuiti, a Fondamente Nove. Verrebbe da chiedersi: quale migliore citt\u00e0 per questo servizio? L\u2019incontro del 20 settembre \u00e8 organizzato per far conoscere questa nuova realt\u00e0 della Pastorale Universitaria veneziana, e per cercare nuovi volontari.<\/p>\n<p>L\u2019appuntamento \u00e8 alle ore 20.30 di mercoled\u00ec 20 presso la Residenza universitaria \u201cGesuiti\u201d di Venezia (Campo de l\u2019Abazia, 4883 \u2013 Fondamente Nove).<\/p>\n<p style=\"text-align: right\">[<a href=\"http:\/\/www.genteveneta.it\/gvfocus\/pastorale-universitaria-venezia-pietre-vive-la-nuova-stagione\/\">genteveneta.it<\/a>]<\/p>\n","protected":false},"excerpt":{"rendered":"<p>Se un pagano viene e ti dice: \u201cmostrami la tua fede!\u201d, tu portalo in chiesa e mostragli la decorazione di cui \u00e8 ornata, e spiegagli la serie dei sacri quadri\u00bb. Lo scriveva San Giovanni Damasceno, teologo dell\u2019VIII secolo. Mentre tutta la Pastorale universitaria veneziana, su pi\u00f9 fronti, si risveglia e riorganizza le sue diverse attivit\u00e0&#8230;  <a class=\"excerpt-read-more\" href=\"https:\/\/oldpatriarcatovenezia.glauco.it\/pastorale-giovanile\/2017\/09\/15\/pietre-vive-nella-pastorale-universitaria\/\" title=\"Leggi &#8220;Pietre vive&#8221; nella pastorale universitaria\">&raquo; continua<\/a><\/p>\n","protected":false},"author":10,"featured_media":1810,"comment_status":"closed","ping_status":"closed","sticky":false,"template":"","format":"standard","meta":{"ip_address":"","user_agent":"","level":"","revision":"","cookie_id":"","page_referer":"","html_form":""},"categories":[307,1],"tags":[],"acf":[],"_links":{"self":[{"href":"https:\/\/oldpatriarcatovenezia.glauco.it\/pastorale-giovanile\/wp-json\/wp\/v2\/posts\/1809"}],"collection":[{"href":"https:\/\/oldpatriarcatovenezia.glauco.it\/pastorale-giovanile\/wp-json\/wp\/v2\/posts"}],"about":[{"href":"https:\/\/oldpatriarcatovenezia.glauco.it\/pastorale-giovanile\/wp-json\/wp\/v2\/types\/post"}],"author":[{"embeddable":true,"href":"https:\/\/oldpatriarcatovenezia.glauco.it\/pastorale-giovanile\/wp-json\/wp\/v2\/users\/10"}],"replies":[{"embeddable":true,"href":"https:\/\/oldpatriarcatovenezia.glauco.it\/pastorale-giovanile\/wp-json\/wp\/v2\/comments?post=1809"}],"version-history":[{"count":1,"href":"https:\/\/oldpatriarcatovenezia.glauco.it\/pastorale-giovanile\/wp-json\/wp\/v2\/posts\/1809\/revisions"}],"predecessor-version":[{"id":1811,"href":"https:\/\/oldpatriarcatovenezia.glauco.it\/pastorale-giovanile\/wp-json\/wp\/v2\/posts\/1809\/revisions\/1811"}],"wp:featuredmedia":[{"embeddable":true,"href":"https:\/\/oldpatriarcatovenezia.glauco.it\/pastorale-giovanile\/wp-json\/wp\/v2\/media\/1810"}],"wp:attachment":[{"href":"https:\/\/oldpatriarcatovenezia.glauco.it\/pastorale-giovanile\/wp-json\/wp\/v2\/media?parent=1809"}],"wp:term":[{"taxonomy":"category","embeddable":true,"href":"https:\/\/oldpatriarcatovenezia.glauco.it\/pastorale-giovanile\/wp-json\/wp\/v2\/categories?post=1809"},{"taxonomy":"post_tag","embeddable":true,"href":"https:\/\/oldpatriarcatovenezia.glauco.it\/pastorale-giovanile\/wp-json\/wp\/v2\/tags?post=1809"}],"curies":[{"name":"wp","href":"https:\/\/api.w.org\/{rel}","templated":true}]}}