{"id":1724,"date":"2017-07-27T09:03:33","date_gmt":"2017-07-27T07:03:33","guid":{"rendered":"https:\/\/www.patriarcatovenezia.it\/pastorale-giovanile\/?p=1724"},"modified":"2017-07-27T09:03:33","modified_gmt":"2017-07-27T07:03:33","slug":"25-giovani-veneziani-al-sermig-per-imparare-a-importare-il-bene","status":"publish","type":"post","link":"https:\/\/oldpatriarcatovenezia.glauco.it\/pastorale-giovanile\/2017\/07\/27\/25-giovani-veneziani-al-sermig-per-imparare-a-importare-il-bene\/","title":{"rendered":"25 giovani veneziani al Sermig: \u00abPer imparare a \u201cimportare\u201d il bene\u00bb"},"content":{"rendered":"<p class=\"entry-title\"><strong>25 giovani veneziani al Sermig: \u00abPer imparare a \u201cimportare\u201d il bene\u00bb<\/strong><\/p>\n<p class=\"entry-title\" style=\"text-align: right\"><em> [articolo tratto da\u00a0<a href=\"http:\/\/www.genteveneta.it\/gvfocus\/25-giovani-veneziani-al-sermig-imparare-importare-bene\/\">genteveneta.it<\/a>]<\/em><\/p>\n<p align=\"JUSTIFY\">\n<p align=\"JUSTIFY\">Sono 25 ragazzi della Diocesi, di cui una ventina del gruppo di terza-quinta superiore della parrocchia della Gazzera.<\/p>\n<p align=\"JUSTIFY\">In questi giorni sono al Sermig di Torino, il luogo di fraternit\u00e0 e ricerca fondato a Torino, nel 1964, da Ernesto Olivero.<\/p>\n<p align=\"JUSTIFY\"><img loading=\"lazy\" class=\"wp-image-2151 alignleft\" src=\"https:\/\/www.genteveneta.it\/wp-content\/uploads\/2017\/07\/sermig-bis.jpg\" alt=\"\" width=\"288\" height=\"480\" \/><\/p>\n<p align=\"JUSTIFY\">Accompagnati da don Pierpaolo Dal Corso, i giovani veneziani stanno vivendo intensamente quest\u2019esperienza. La giornata si svolge cos\u00ec: preghiera al mattino per tutti alle 8.30. Poi lavoro, suddivisi per gruppi. Si va da piccoli lavori nell\u2019ambito degli aiuti umanitari a occupazioni pi\u00f9 pesanti, come pulizie e opere di manovalanza in cantieri di restauro.<\/p>\n<p align=\"JUSTIFY\">Una parte dei giovani del Patriarcato, per esempio, \u00e8 andato all\u2019eremo che il Sermig sta restaurando per l\u2019accoglienza di bambini disabili.<\/p>\n<p align=\"JUSTIFY\">\u00abI ragazzi \u2013 rileva don Dal Corso \u2013 sono contenti: questa realt\u00e0 ha un particolare carisma di accoglienza che attira molto i giovani e li fa riflettere. Nel pomeriggio ci sono dei gruppi tenuti da consacrati del Sermig che guidano i ragazzi in un percorso di formazione. Anche noi pi\u00f9 grandi abbiamo un gruppo a parte, molto \u201ctosto\u201d come argomenti\u00bb.<\/p>\n<p align=\"JUSTIFY\"><img loading=\"lazy\" class=\"wp-image-2152 alignright\" src=\"https:\/\/www.genteveneta.it\/wp-content\/uploads\/2017\/07\/sermig-quater.jpg\" alt=\"\" width=\"399\" height=\"665\" \/><\/p>\n<p align=\"JUSTIFY\">Alla sera si celebra insieme la Messa e poi, dopo cena, ci sono attivit\u00e0 di musica, canto o cineforum: \u00abMarted\u00ec 25 sera \u2013 continua don Pierpaolo \u2013 abbiamo visto un film sullo sfruttamento della prostituzione minorile che ci ha lasciati per due ore senza fiato, \u201cTrade\u201d. Non \u00e8 stato acquistato da nessuna casa cinematografica italiana, per cui non sar\u00e0 mai proiettato nelle sale, ma un amico di Ernesto Olivero, che lavora all\u2019Onu, ha concesso che venga proiettato solo qui. Dopo la proiezione ci siamo divisi in gruppi per parlarne\u00bb.<\/p>\n<p align=\"JUSTIFY\">Ernesto Olivero, osserva il sacerdote veneziano, \u00abfa ogni tanto qualche sapiente comparsa, ma lascia spazio ai giovani dell\u2019Arsenale della Pace per la gestione del campo. Questo luogo, che era un vero arsenale, \u00e8 ora veramente un luogo di pace. Accoglie rifugiati politici, senza tetto e offre pasti a centinaia di persone ogni giorno. Molti ragazzi sono stati salvati dalla droga, dalla povert\u00e0 e anche dalla strada. Certo \u00e8 Dio che li salva, ma si serve di braccia e cuori. Il pregio di questi campi di servizio \u00e8 che non mostrano il bene del Sermig perch\u00e9 lo si lodi, ma spronano a portare il bene e a servire nelle realt\u00e0 dove si vive. Mi auguro che anche i nostri giovani ritornino ricchi di pace da diffondere nel nostro territorio\u00bb.<\/p>\n","protected":false},"excerpt":{"rendered":"<p>25 giovani veneziani al Sermig: \u00abPer imparare a \u201cimportare\u201d il bene\u00bb [articolo tratto da\u00a0genteveneta.it] Sono 25 ragazzi della Diocesi, di cui una ventina del gruppo di terza-quinta superiore della parrocchia della Gazzera. In questi giorni sono al Sermig di Torino, il luogo di fraternit\u00e0 e ricerca fondato a Torino, nel 1964, da Ernesto Olivero. Accompagnati&#8230;  <a class=\"excerpt-read-more\" href=\"https:\/\/oldpatriarcatovenezia.glauco.it\/pastorale-giovanile\/2017\/07\/27\/25-giovani-veneziani-al-sermig-per-imparare-a-importare-il-bene\/\" title=\"Leggi 25 giovani veneziani al Sermig: \u00abPer imparare a \u201cimportare\u201d il bene\u00bb\">&raquo; continua<\/a><\/p>\n","protected":false},"author":10,"featured_media":1725,"comment_status":"closed","ping_status":"closed","sticky":false,"template":"","format":"standard","meta":{"ip_address":"","user_agent":"","level":"","revision":"","cookie_id":"","page_referer":"","html_form":""},"categories":[306,88,307,1,311],"tags":[],"acf":[],"_links":{"self":[{"href":"https:\/\/oldpatriarcatovenezia.glauco.it\/pastorale-giovanile\/wp-json\/wp\/v2\/posts\/1724"}],"collection":[{"href":"https:\/\/oldpatriarcatovenezia.glauco.it\/pastorale-giovanile\/wp-json\/wp\/v2\/posts"}],"about":[{"href":"https:\/\/oldpatriarcatovenezia.glauco.it\/pastorale-giovanile\/wp-json\/wp\/v2\/types\/post"}],"author":[{"embeddable":true,"href":"https:\/\/oldpatriarcatovenezia.glauco.it\/pastorale-giovanile\/wp-json\/wp\/v2\/users\/10"}],"replies":[{"embeddable":true,"href":"https:\/\/oldpatriarcatovenezia.glauco.it\/pastorale-giovanile\/wp-json\/wp\/v2\/comments?post=1724"}],"version-history":[{"count":1,"href":"https:\/\/oldpatriarcatovenezia.glauco.it\/pastorale-giovanile\/wp-json\/wp\/v2\/posts\/1724\/revisions"}],"predecessor-version":[{"id":1726,"href":"https:\/\/oldpatriarcatovenezia.glauco.it\/pastorale-giovanile\/wp-json\/wp\/v2\/posts\/1724\/revisions\/1726"}],"wp:featuredmedia":[{"embeddable":true,"href":"https:\/\/oldpatriarcatovenezia.glauco.it\/pastorale-giovanile\/wp-json\/wp\/v2\/media\/1725"}],"wp:attachment":[{"href":"https:\/\/oldpatriarcatovenezia.glauco.it\/pastorale-giovanile\/wp-json\/wp\/v2\/media?parent=1724"}],"wp:term":[{"taxonomy":"category","embeddable":true,"href":"https:\/\/oldpatriarcatovenezia.glauco.it\/pastorale-giovanile\/wp-json\/wp\/v2\/categories?post=1724"},{"taxonomy":"post_tag","embeddable":true,"href":"https:\/\/oldpatriarcatovenezia.glauco.it\/pastorale-giovanile\/wp-json\/wp\/v2\/tags?post=1724"}],"curies":[{"name":"wp","href":"https:\/\/api.w.org\/{rel}","templated":true}]}}