{"id":1678,"date":"2017-07-21T15:56:07","date_gmt":"2017-07-21T13:56:07","guid":{"rendered":"https:\/\/www.patriarcatovenezia.it\/pastorale-giovanile\/?p=1678"},"modified":"2017-07-21T15:56:07","modified_gmt":"2017-07-21T13:56:07","slug":"dammi-un-cuore-che-ascolta","status":"publish","type":"post","link":"https:\/\/oldpatriarcatovenezia.glauco.it\/pastorale-giovanile\/2017\/07\/21\/dammi-un-cuore-che-ascolta\/","title":{"rendered":"Dammi un cuore che ascolta"},"content":{"rendered":"<div id=\"pg-w577e0ca66d7f6-0\" class=\"panel-grid panel-no-style\">\n<div id=\"pgc-w577e0ca66d7f6-0-0\" class=\"panel-grid-cell\">\n<div id=\"panel-w577e0ca66d7f6-0-0-0\" class=\"so-panel widget widget_text panel-first-child panel-last-child\">\n<div class=\"textwidget\">\n<p><em>Dammi un cuore che ascolta (1Re 3,5-15). E&#8217; questo il tema che accompagna tutti gli appuntamenti nazionali dell&#8217;anno pastorale 2017-2018: il Convegno nazionale vocazionale, 3-5 gennaio; il Seminario sulla direzione spirituale, 3-6 Aprile;\u00a0 la\u00a055\u00b0 Giornata mondiale di preghiera per le vocazioni, Domenica 22 Aprile.<\/em><\/p>\n<\/div>\n<\/div>\n<\/div>\n<\/div>\n<div id=\"pg-w577e0ca66d7f6-1\" class=\"panel-grid panel-has-style\">\n<div class=\"row seed_content_tbt_single_article_wrapper panel-row-style panel-row-style-for-w577e0ca66d7f6-1\">\n<div id=\"pgc-w577e0ca66d7f6-1-0\" class=\"panel-grid-cell\">\n<div class=\"col-lg-3 panel-cell-style panel-cell-style-for-w577e0ca66d7f6-1-0\">\n<div id=\"panel-w577e0ca66d7f6-1-0-0\" class=\"so-panel widget widget_text panel-first-child panel-last-child\">\n<div class=\"textwidget\">\n<div class=\"seed_content_tbt_single_article_data\" style=\"text-align: right\"><a href=\"http:\/\/vocazioni.chiesacattolica.it\">vocazioni.chiesacattolica.it<\/a>\u00a0&#8211; 17 luglio 2017<\/div>\n<\/div>\n<\/div>\n<\/div>\n<\/div>\n<div id=\"pgc-w577e0ca66d7f6-1-1\" class=\"panel-grid-cell\">\n<div class=\"col-lg-9 cci-content-tbt-page-wrapper-content panel-cell-style panel-cell-style-for-w577e0ca66d7f6-1-1\">\n<div id=\"panel-w577e0ca66d7f6-1-1-0\" class=\"so-panel widget widget_text panel-first-child panel-last-child\">\n<div class=\"textwidget\">\n<p>L&#8217;Anno pastorale<strong>\u00a02017-2018<\/strong>\u00a0ha i suoi appuntamenti nazionali, attraverso il\u00a0<strong>Convegno nazionale vocazionale, 3-5 gennaio;<\/strong>\u00a0il\u00a0<strong>Seminario sulla direzione spirituale, 3-6 Aprile;<\/strong>\u00a0 la\u00a0<strong>55\u00b0 Giornata mondiale di preghiera per le vocazioni, Domenica 22 Aprile.<\/strong><\/p>\n<p>Il\u00a0<em>Convegno Nazionale vocazionale<\/em>\u00a0\u00a0si focalizza sul tema dell&#8217;ascolto e del discernimento vocazionale .<\/p>\n<p>La<strong>\u00a0Giornata mondiale di preghiera per le vocazioni\u00a0<\/strong>in sintonia con il Sinodo 2018, propone\u00a0\u00a0lo slogan:\u00a0<strong>\u201cDammi un cuore che ascolta\u201d.\u00a0<\/strong>(1Re 3,5-15).<\/p>\n<p><strong>Ascolto<\/strong>\u00a0di Dio che ci parla, e ascolto anche della realt\u00e0 quotidiana, attenzione alle persone, ai fatti perch\u00e9 il Signore \u00e8 alla porta della nostra vita e bussa in molti modi, pone segni nel nostro cammino; a noi d\u00e0 la capacit\u00e0 di vederli. Maria \u00e8 la madre dell\u2019ascolto, ascolto attento di Dio e ascolto altrettanto attento degli avvenimenti della vita.\u00a0<strong>Decisione.<\/strong>\u00a0Nella vita \u00e8 difficile prendere decisioni, spesso tendiamo a rimandarle, a lasciare che altri decidano al nostro posto, spesso preferiamo lasciarci trascinare dagli eventi, seguire la moda del momento; a volte sappiamo quello che dobbiamo fare, ma non ne abbiamo il coraggio o ci pare troppo difficile perch\u00e9 vuol dire andare controcorrente.\u00a0<strong>Azione<\/strong>. A volte, anche noi ci fermiamo all&#8217;ascolto, alla riflessione su ci\u00f2 che dovremmo fare, forse abbiamo anche chiara la decisione che dobbiamo prendere, ma non facciamo il passaggio all&#8217;azione.<\/p>\n<\/div>\n<\/div>\n<\/div>\n<\/div>\n<\/div>\n<\/div>\n","protected":false},"excerpt":{"rendered":"<p>Dammi un cuore che ascolta (1Re 3,5-15). E&#8217; questo il tema che accompagna tutti gli appuntamenti nazionali dell&#8217;anno pastorale 2017-2018: il Convegno nazionale vocazionale, 3-5 gennaio; il Seminario sulla direzione spirituale, 3-6 Aprile;\u00a0 la\u00a055\u00b0 Giornata mondiale di preghiera per le vocazioni, Domenica 22 Aprile. vocazioni.chiesacattolica.it\u00a0&#8211; 17 luglio 2017 L&#8217;Anno pastorale\u00a02017-2018\u00a0ha i suoi appuntamenti nazionali, attraverso&#8230;  <a class=\"excerpt-read-more\" href=\"https:\/\/oldpatriarcatovenezia.glauco.it\/pastorale-giovanile\/2017\/07\/21\/dammi-un-cuore-che-ascolta\/\" title=\"Leggi Dammi un cuore che ascolta\">&raquo; continua<\/a><\/p>\n","protected":false},"author":10,"featured_media":1679,"comment_status":"closed","ping_status":"closed","sticky":false,"template":"","format":"standard","meta":{"ip_address":"","user_agent":"","level":"","revision":"","cookie_id":"","page_referer":"","html_form":""},"categories":[1,110],"tags":[],"acf":[],"_links":{"self":[{"href":"https:\/\/oldpatriarcatovenezia.glauco.it\/pastorale-giovanile\/wp-json\/wp\/v2\/posts\/1678"}],"collection":[{"href":"https:\/\/oldpatriarcatovenezia.glauco.it\/pastorale-giovanile\/wp-json\/wp\/v2\/posts"}],"about":[{"href":"https:\/\/oldpatriarcatovenezia.glauco.it\/pastorale-giovanile\/wp-json\/wp\/v2\/types\/post"}],"author":[{"embeddable":true,"href":"https:\/\/oldpatriarcatovenezia.glauco.it\/pastorale-giovanile\/wp-json\/wp\/v2\/users\/10"}],"replies":[{"embeddable":true,"href":"https:\/\/oldpatriarcatovenezia.glauco.it\/pastorale-giovanile\/wp-json\/wp\/v2\/comments?post=1678"}],"version-history":[{"count":1,"href":"https:\/\/oldpatriarcatovenezia.glauco.it\/pastorale-giovanile\/wp-json\/wp\/v2\/posts\/1678\/revisions"}],"predecessor-version":[{"id":1680,"href":"https:\/\/oldpatriarcatovenezia.glauco.it\/pastorale-giovanile\/wp-json\/wp\/v2\/posts\/1678\/revisions\/1680"}],"wp:featuredmedia":[{"embeddable":true,"href":"https:\/\/oldpatriarcatovenezia.glauco.it\/pastorale-giovanile\/wp-json\/wp\/v2\/media\/1679"}],"wp:attachment":[{"href":"https:\/\/oldpatriarcatovenezia.glauco.it\/pastorale-giovanile\/wp-json\/wp\/v2\/media?parent=1678"}],"wp:term":[{"taxonomy":"category","embeddable":true,"href":"https:\/\/oldpatriarcatovenezia.glauco.it\/pastorale-giovanile\/wp-json\/wp\/v2\/categories?post=1678"},{"taxonomy":"post_tag","embeddable":true,"href":"https:\/\/oldpatriarcatovenezia.glauco.it\/pastorale-giovanile\/wp-json\/wp\/v2\/tags?post=1678"}],"curies":[{"name":"wp","href":"https:\/\/api.w.org\/{rel}","templated":true}]}}