{"id":1384,"date":"2017-03-23T16:14:59","date_gmt":"2017-03-23T15:14:59","guid":{"rendered":"https:\/\/www.patriarcatovenezia.it\/pastorale-giovanile\/?p=1384"},"modified":"2017-03-23T16:14:59","modified_gmt":"2017-03-23T15:14:59","slug":"0104-donne-e-uomini-per-la-vita","status":"publish","type":"post","link":"https:\/\/oldpatriarcatovenezia.glauco.it\/pastorale-giovanile\/2017\/03\/23\/0104-donne-e-uomini-per-la-vita\/","title":{"rendered":"01\/04 Donne e uomini per la vita"},"content":{"rendered":"<p>Nel solco della Giornata per la Vita, che \u00e8 stata celebrata lo scorso 5 febbraio in tutta Italia, il primo aprile prossimo si terr\u00e0 a Mestre, presso il Centro Culturale Santa Maria della Grazie in via Poerio, un evento che ne riprende in parte il titolo \u201cDonne e uomini per la Vita. Un impegno condiviso tra scienza, diritto e politica\u201d. Il richiamo alla suddetta Giornata intende ricordare che la vita umana fin dal suo sorgere nel grembo materno va tutelata e promossa continuamente nel corso dell\u2019anno; di essa si deve parlare per diffondere e condividere la \u201ccultura della vita\u201d. Cos\u00ec San Giovanni Paolo II chiamava quella cultura che riconosce che la vita umana non esiste in astratto ma in un\u2019identit\u00e0 che si incarna dal concepimento e che tale esiste fino alla morte naturale; una cultura che riconosce la vita per il dono di Dio che \u00e8 e la accoglie con amore e responsabilit\u00e0.<\/p>\n<p>Alla luce di questi valori e di questi principi, interverr\u00e0 Marina Casini, bioeticista presso l\u2019Universit\u00e0 del Sacro Cuore di Roma, con un intervento dal titolo \u201cL\u2019embrione umano \u00e8 uno di noi: la fase 2 dell\u2019iniziativa dei cittadini europei\u201d. Questa iniziativa si rivolge \u2013 nella sua seconda fase \u2013 a personale medico e sanitario, a giuristi e a politici che possano rendere le ragioni, ciascuno per il proprio ambito, del riconoscimento che la dignit\u00e0 dell\u2019embrione richiede.<\/p>\n<p>Cosa pu\u00f2 affermare la scienza circa la natura umana del concepito? Ne parler\u00e0 il dott. Bruno Mozzanega, medico ostetrico e professore aggregato presso l\u2019Universit\u00e0 di Padova, da anni impegnato nell\u2019insegnamento e nella sensibilizzazione della tutela della vita fin dalla primissima fase embrionale. In questa direzione il dott. Mozzanega spiegher\u00e0 le ragioni per cui egli, in qualit\u00e0 di operatore medico, aderisce a questa raccolta firme.<\/p>\n<p>Analogamente il prof. Francesco Cavalla, gi\u00e0 professore di Filosofia del Diritto presso la Facolt\u00e0 di Giurisprudenza dell\u2019Ateneo di Padova, presenter\u00e0 la prospettiva del diritto e indicher\u00e0 i rischi che si corrono nel negare la tutela giuridica della vita e della salute umana, anche in riferimento agli attuali problemi relativi al fine vita. Infatti, se risulta difficile riconoscere che l\u2019embrione \u00e8 uno di noi, se talvolta \u00e8 necessario indagare le ragioni per lasciare che la vita nascente si esprima per quello che \u00e8, viviamo in una societ\u00e0 giusta quando abbiamo gli strumenti per riconoscere che la vita di ogni singola persona, segnata da malattia, fragilit\u00e0, vecchiaia chiede di essere valorizzata e accompagnata al suo termine naturale.<\/p>\n<p>Infine l\u2019Assessore alle Politiche Sociali del Comune di Venezia, Simone Venturini, spiegher\u00e0 perch\u00e9 da politico si pu\u00f2 aderire alla raccolta firme \u201cUno di noi\u201d e cosa significa per un uomo impegnato nel governo della Citt\u00e0 avere a cuore la vita soprattutto laddove si presenta pi\u00f9 fragile.<\/p>\n<p>&nbsp;<\/p>\n<p><strong>Elisabetta Bolzan<\/strong><\/p>\n<p><em><strong>Direttivo MpV Venezia Mestre<\/strong><\/em><\/p>\n","protected":false},"excerpt":{"rendered":"<p>Nel solco della Giornata per la Vita, che \u00e8 stata celebrata lo scorso 5 febbraio in tutta Italia, il primo aprile prossimo si terr\u00e0 a Mestre, presso il Centro Culturale Santa Maria della Grazie in via Poerio, un evento che ne riprende in parte il titolo \u201cDonne e uomini per la Vita. Un impegno condiviso&#8230;  <a class=\"excerpt-read-more\" href=\"https:\/\/oldpatriarcatovenezia.glauco.it\/pastorale-giovanile\/2017\/03\/23\/0104-donne-e-uomini-per-la-vita\/\" title=\"Leggi 01\/04 Donne e uomini per la vita\">&raquo; continua<\/a><\/p>\n","protected":false},"author":10,"featured_media":1385,"comment_status":"closed","ping_status":"closed","sticky":false,"template":"","format":"standard","meta":{"ip_address":"","user_agent":"","level":"","revision":"","cookie_id":"","page_referer":"","html_form":""},"categories":[88,307],"tags":[],"acf":[],"_links":{"self":[{"href":"https:\/\/oldpatriarcatovenezia.glauco.it\/pastorale-giovanile\/wp-json\/wp\/v2\/posts\/1384"}],"collection":[{"href":"https:\/\/oldpatriarcatovenezia.glauco.it\/pastorale-giovanile\/wp-json\/wp\/v2\/posts"}],"about":[{"href":"https:\/\/oldpatriarcatovenezia.glauco.it\/pastorale-giovanile\/wp-json\/wp\/v2\/types\/post"}],"author":[{"embeddable":true,"href":"https:\/\/oldpatriarcatovenezia.glauco.it\/pastorale-giovanile\/wp-json\/wp\/v2\/users\/10"}],"replies":[{"embeddable":true,"href":"https:\/\/oldpatriarcatovenezia.glauco.it\/pastorale-giovanile\/wp-json\/wp\/v2\/comments?post=1384"}],"version-history":[{"count":1,"href":"https:\/\/oldpatriarcatovenezia.glauco.it\/pastorale-giovanile\/wp-json\/wp\/v2\/posts\/1384\/revisions"}],"predecessor-version":[{"id":1387,"href":"https:\/\/oldpatriarcatovenezia.glauco.it\/pastorale-giovanile\/wp-json\/wp\/v2\/posts\/1384\/revisions\/1387"}],"wp:featuredmedia":[{"embeddable":true,"href":"https:\/\/oldpatriarcatovenezia.glauco.it\/pastorale-giovanile\/wp-json\/wp\/v2\/media\/1385"}],"wp:attachment":[{"href":"https:\/\/oldpatriarcatovenezia.glauco.it\/pastorale-giovanile\/wp-json\/wp\/v2\/media?parent=1384"}],"wp:term":[{"taxonomy":"category","embeddable":true,"href":"https:\/\/oldpatriarcatovenezia.glauco.it\/pastorale-giovanile\/wp-json\/wp\/v2\/categories?post=1384"},{"taxonomy":"post_tag","embeddable":true,"href":"https:\/\/oldpatriarcatovenezia.glauco.it\/pastorale-giovanile\/wp-json\/wp\/v2\/tags?post=1384"}],"curies":[{"name":"wp","href":"https:\/\/api.w.org\/{rel}","templated":true}]}}