{"id":1256,"date":"2017-01-18T11:55:14","date_gmt":"2017-01-18T10:55:14","guid":{"rendered":"https:\/\/www.patriarcatovenezia.it\/pastorale-giovanile\/?p=1256"},"modified":"2017-01-18T11:55:42","modified_gmt":"2017-01-18T10:55:42","slug":"proposta-di-servizio-a-lourdes","status":"publish","type":"post","link":"https:\/\/oldpatriarcatovenezia.glauco.it\/pastorale-giovanile\/2017\/01\/18\/proposta-di-servizio-a-lourdes\/","title":{"rendered":"Proposta di servizio a Lourdes"},"content":{"rendered":"<p style=\"text-align: justify\">Bagaglio leggero e cuore carico per un&#8217;esperienza intensa aperta a tutti i giovani: servire con gratuit\u00e0, accompagnando gli ammalati all&#8217;incontro col Signore nell&#8217;Eucarestia e nelle varie celebrazioni, con la presenza amica di Maria come guida.<\/p>\n<p style=\"text-align: justify\">Sar\u00e0 presente anche il Patriarca, che condivider\u00e0 alcuni momenti comuni.<\/p>\n<p style=\"text-align: justify\">Ai giovani, nello specifico, sar\u00e0 richiesto il trasporto delle carrozzine dei malati e di mettersi a disposizione nel refettorio.\u00a0Per i minorenni si richiede la presenza di un accompagnatore.<\/p>\n<p style=\"text-align: justify\">Ci sar\u00e0 un incontro preparatorio per conoscere il gruppo, prepararsi con consapevolezza e affrontare alcuni aspetti tecnici e organizzativi. La partenza \u00e8 prevista per la mattina del 30 \u00a0aprile, viaggiando in treno.<\/p>\n<p style=\"text-align: justify\">La quote fissate \u00e8 \u20ac 490,00. Tuttavia, per chi avesse difficolt\u00e0 a sostenere la spesa, sar\u00e0 possibile venire incontro per una\u00a0parte.<\/p>\n<hr \/>\n<p>INFO:<\/p>\n<ul>\n<li>Erika\u00a0\u00a0 347-8544207\u00a0\u00a0 (referente giovani)<\/li>\n<li>Roberto\u00a0\u00a0 335-5315017\u00a0\u00a0 r.maurizio.1953@gmail.com<\/li>\n<li>Giuseppe\u00a0\u00a0 347-0151357\u00a0\u00a0 spirobeppi@alice.it<\/li>\n<\/ul>\n","protected":false},"excerpt":{"rendered":"<p>Bagaglio leggero e cuore carico per un&#8217;esperienza intensa aperta a tutti i giovani: servire con gratuit\u00e0, accompagnando gli ammalati all&#8217;incontro col Signore nell&#8217;Eucarestia e nelle varie celebrazioni, con la presenza amica di Maria come guida. Sar\u00e0 presente anche il Patriarca, che condivider\u00e0 alcuni momenti comuni. Ai giovani, nello specifico, sar\u00e0 richiesto il trasporto delle carrozzine&#8230;  <a class=\"excerpt-read-more\" href=\"https:\/\/oldpatriarcatovenezia.glauco.it\/pastorale-giovanile\/2017\/01\/18\/proposta-di-servizio-a-lourdes\/\" title=\"Leggi Proposta di servizio a Lourdes\">&raquo; continua<\/a><\/p>\n","protected":false},"author":10,"featured_media":1257,"comment_status":"closed","ping_status":"closed","sticky":false,"template":"","format":"standard","meta":{"ip_address":"","user_agent":"","level":"","revision":"","cookie_id":"","page_referer":"","html_form":""},"categories":[306,88,307,1],"tags":[],"acf":[],"_links":{"self":[{"href":"https:\/\/oldpatriarcatovenezia.glauco.it\/pastorale-giovanile\/wp-json\/wp\/v2\/posts\/1256"}],"collection":[{"href":"https:\/\/oldpatriarcatovenezia.glauco.it\/pastorale-giovanile\/wp-json\/wp\/v2\/posts"}],"about":[{"href":"https:\/\/oldpatriarcatovenezia.glauco.it\/pastorale-giovanile\/wp-json\/wp\/v2\/types\/post"}],"author":[{"embeddable":true,"href":"https:\/\/oldpatriarcatovenezia.glauco.it\/pastorale-giovanile\/wp-json\/wp\/v2\/users\/10"}],"replies":[{"embeddable":true,"href":"https:\/\/oldpatriarcatovenezia.glauco.it\/pastorale-giovanile\/wp-json\/wp\/v2\/comments?post=1256"}],"version-history":[{"count":3,"href":"https:\/\/oldpatriarcatovenezia.glauco.it\/pastorale-giovanile\/wp-json\/wp\/v2\/posts\/1256\/revisions"}],"predecessor-version":[{"id":1260,"href":"https:\/\/oldpatriarcatovenezia.glauco.it\/pastorale-giovanile\/wp-json\/wp\/v2\/posts\/1256\/revisions\/1260"}],"wp:featuredmedia":[{"embeddable":true,"href":"https:\/\/oldpatriarcatovenezia.glauco.it\/pastorale-giovanile\/wp-json\/wp\/v2\/media\/1257"}],"wp:attachment":[{"href":"https:\/\/oldpatriarcatovenezia.glauco.it\/pastorale-giovanile\/wp-json\/wp\/v2\/media?parent=1256"}],"wp:term":[{"taxonomy":"category","embeddable":true,"href":"https:\/\/oldpatriarcatovenezia.glauco.it\/pastorale-giovanile\/wp-json\/wp\/v2\/categories?post=1256"},{"taxonomy":"post_tag","embeddable":true,"href":"https:\/\/oldpatriarcatovenezia.glauco.it\/pastorale-giovanile\/wp-json\/wp\/v2\/tags?post=1256"}],"curies":[{"name":"wp","href":"https:\/\/api.w.org\/{rel}","templated":true}]}}