{"id":1249,"date":"2017-01-17T09:01:43","date_gmt":"2017-01-17T08:01:43","guid":{"rendered":"https:\/\/www.patriarcatovenezia.it\/pastorale-giovanile\/?p=1249"},"modified":"2017-02-23T14:58:37","modified_gmt":"2017-02-23T13:58:37","slug":"sinodo-sui-giovani-intervista-a-don-michele-falabretti-snpg","status":"publish","type":"post","link":"https:\/\/oldpatriarcatovenezia.glauco.it\/pastorale-giovanile\/2017\/01\/17\/sinodo-sui-giovani-intervista-a-don-michele-falabretti-snpg\/","title":{"rendered":"Sinodo sui giovani &#8211; intervista a don Michele Falabretti (SNPG)"},"content":{"rendered":"<p style=\"text-align: justify\"><span style=\"color: #993300\">Ascolto, educazione, disponibilit\u00e0 a ridiscutere convinzioni e metodi. Nel Sinodo sui giovani, e nel viaggio che da venerd\u00ec 13 gennaio la Chiesa ha intrapreso con il testo-base e la lettera del Papa, <strong>don Michele Falabretti<\/strong> vede questo e molto altro. Da <strong>responsabile del Servizio nazionale di Pastorale giovanile<\/strong> \u00e8 abituato allo sguardo \u201clungo\u201d. Che prova a spingere sino all&#8217;assemblea in Vaticano, autunno 2018.<\/span><\/p>\n<p><strong>Che cosa ci dicono i due testi diffusi ieri?<\/strong><br \/>\nEsprimono l\u2019impegno e la voglia di coinvolgere i giovani in un percorso nel quale non sono destinatari di un lavoro svolto da altri su di loro ma vengono chiamati a diventare protagonisti, soggetti attivi, centro di una grande questione pastorale che \u00e8 nelle mani di tutta la comunit\u00e0 cristiana, a ogni livello. Anche solo questo fa capire di fronte a quale opportunit\u00e0 ci troviamo. I giovani non sono oggetti di un\u2019analisi scientifica, quasi si trattasse di una specie in via di estinzione: sulle nuove generazioni \u00e8 chiamata in causa tutta la Chiesa.<\/p>\n<p><strong>Le Gmg sono il segno che la Chiesa si \u00e8 messa sempre pi\u00f9 in gioco su questo aspetto. Dov\u2019\u00e8 la novit\u00e0 del Sinodo?<\/strong><br \/>\nI giovani vanno ascoltati, la Chiesa ha bisogno della loro voce. Lo spazio per loro \u00e8 andato ampliandosi con un\u2019accelerazione che fa comprendere come non li si pu\u00f2 pensare destinatari di un messaggio che funziona da solo. La vera, grande novit\u00e0 \u00e8 per\u00f2 nella scelta stessa del tema tra i tanti possibili per l\u2019assemblea.<\/p>\n<p><strong>Perch\u00e9 il Papa ha voluto mettere al centro del Sinodo proprio i giovani?<\/strong><br \/>\nForse perch\u00e9 parlando di giovani si mettono in questione anche gli adulti e la Chiesa. Da sempre i cristiani cercano di consegnare a chi viene dopo di loro quanto hanno di pi\u00f9 caro: la fede, il Vangelo, il segreto di una vita cui l\u2019incontro vivo con il Signore d\u00e0 senso pieno. Ma oggi la maggior parte dei giovani non ha una vera occasione per questa consegna. Il Sinodo ci chiede di considerare gli aspetti complessi di questo passaggio generazionale. Dunque, si parla di giovani ma anche di adulti.<\/p>\n<p><strong>Che cosa pu\u00f2 rappresentare questo Sinodo per la Chiesa?<\/strong><br \/>\nUna bellissima occasione per chiederci cosa stiamo facendo per trasmettere la fede e metterci in ascolto di tutti i giovani, vicini o lontani che siano. Attenzione, per\u00f2: non pensiamo a qualcuno che ci dir\u00e0 \u201ccosa fare\u201d ma a un processo che ci mette in discussione su alcuni temi decisivi, come la relazione educativa.<br \/>\nUna novit\u00e0 \u00e8 nel metodo: il questionario che aveva segnato i due Sinodi sulla famiglia viene riproposto con una formula pi\u00f9 diretta.<\/p>\n<p><strong>Che lavoro suggeriscono queste domande?<\/strong><br \/>\nLo dico con una battuta: se si trattasse solo di rispondere ce la caveremmo in una settimana. Dentro quelle domande, invece, ce n\u2019\u00e8 una pi\u00f9 grande: ai cristiani quanto stanno a cuore i loro figli? Ho l\u2019impressione che ci siamo un po\u2019 stancati della \u201cquestione educativa\u201d, ma non possiamo tornare ad accorgersi della sua importanza solo quando accade il fattaccio di cronaca&#8230; L\u2019educazione \u00e8 cura, compagnia, ascolto, condivisione, ha a che fa- re pi\u00f9 con la bellezza che con il dramma.<\/p>\n<p><strong>Quindi un Sinodo sui giovani ma anche sulla \u201cquestione educativa\u201d?<\/strong><br \/>\nIl nostro \u00e8 un tempo nel quale si fatica a essere adulti: ora c\u2019\u00e8 l\u2019ossessione di restare giovani, perdendo di vista che si tratta di una fase della vita e non di una condizione ideale. Nel \u201968 gli adulti volevano imporsi in quanto tali, oggi cercano di sembrare eternamente giovani. La strada \u00e8 antitetica, il risultato identico: l\u2019incomprensione del mondo giovanile.<\/p>\n<p><strong>Quale percorso immagina da oggi al 2018?<\/strong><br \/>\nVedo anzitutto un confronto ecclesiale a ogni livello, sino alla parrocchia pi\u00f9 \u201cperiferica\u201d, su come la Chiesa annuncia il Vangelo, e su quali sono le condizioni per arrivare a destinazione. C\u2019\u00e8 poi l\u2019ascolto sincero e attento dei giovani l\u00e0 dove si trovano, non solo nei \u201cnostri ambienti\u201d: vanno costruite occasioni che consentano di interpellarli sulla loro vita, ad esempio nel mondo digitale. Dovremmo chiedergli in cosa sperano, quel che li fa piangere, di cosa hanno paura, cosa cercano. Da qui parte ogni possibile incontro con il senso dell\u2019esistenza. Per troppo tempo abbiamo pensato che per convincerli bastasse enunciare i valori, magari con tutte le lettere maiuscole. Oggi quella che per noi \u00e8 una verit\u00e0 evidente non si impone da s\u00e9 ma solo se \u00e8 persuasiva, e per esserlo va accompagnata da domande e gesti.<\/p>\n<p><strong>Il Sinodo invita a parlare di \u201cvocazione\u201d: in quale senso?<\/strong><br \/>\nNoi cristiani pensiamo che si diventa grandi anche ascoltando un\u2019altra voce, mentre molti giovani sono convinti di poter essere felici solo ascoltando se stessi. La sfida \u00e8 far incrociare questa fame di libert\u00e0 con la consapevolezza che non ci si realizza da soli ma nella relazione. Con gli altri, e con Dio.<\/p>\n<p style=\"text-align: right\">\nFrancesco Ognibene (Avvenire, 14.01.2017)<\/p>\n","protected":false},"excerpt":{"rendered":"<p>Ascolto, educazione, disponibilit\u00e0 a ridiscutere convinzioni e metodi. Nel Sinodo sui giovani, e nel viaggio che da venerd\u00ec 13 gennaio la Chiesa ha intrapreso con il testo-base e la lettera del Papa, don Michele Falabretti vede questo e molto altro. Da responsabile del Servizio nazionale di Pastorale giovanile \u00e8 abituato allo sguardo \u201clungo\u201d. Che prova&#8230;  <a class=\"excerpt-read-more\" href=\"https:\/\/oldpatriarcatovenezia.glauco.it\/pastorale-giovanile\/2017\/01\/17\/sinodo-sui-giovani-intervista-a-don-michele-falabretti-snpg\/\" title=\"Leggi Sinodo sui giovani &#8211; intervista a don Michele Falabretti (SNPG)\">&raquo; continua<\/a><\/p>\n","protected":false},"author":10,"featured_media":1250,"comment_status":"closed","ping_status":"closed","sticky":false,"template":"","format":"standard","meta":{"ip_address":"","user_agent":"","level":"","revision":"","cookie_id":"","page_referer":"","html_form":""},"categories":[306,307,313],"tags":[],"acf":[],"_links":{"self":[{"href":"https:\/\/oldpatriarcatovenezia.glauco.it\/pastorale-giovanile\/wp-json\/wp\/v2\/posts\/1249"}],"collection":[{"href":"https:\/\/oldpatriarcatovenezia.glauco.it\/pastorale-giovanile\/wp-json\/wp\/v2\/posts"}],"about":[{"href":"https:\/\/oldpatriarcatovenezia.glauco.it\/pastorale-giovanile\/wp-json\/wp\/v2\/types\/post"}],"author":[{"embeddable":true,"href":"https:\/\/oldpatriarcatovenezia.glauco.it\/pastorale-giovanile\/wp-json\/wp\/v2\/users\/10"}],"replies":[{"embeddable":true,"href":"https:\/\/oldpatriarcatovenezia.glauco.it\/pastorale-giovanile\/wp-json\/wp\/v2\/comments?post=1249"}],"version-history":[{"count":1,"href":"https:\/\/oldpatriarcatovenezia.glauco.it\/pastorale-giovanile\/wp-json\/wp\/v2\/posts\/1249\/revisions"}],"predecessor-version":[{"id":1251,"href":"https:\/\/oldpatriarcatovenezia.glauco.it\/pastorale-giovanile\/wp-json\/wp\/v2\/posts\/1249\/revisions\/1251"}],"wp:featuredmedia":[{"embeddable":true,"href":"https:\/\/oldpatriarcatovenezia.glauco.it\/pastorale-giovanile\/wp-json\/wp\/v2\/media\/1250"}],"wp:attachment":[{"href":"https:\/\/oldpatriarcatovenezia.glauco.it\/pastorale-giovanile\/wp-json\/wp\/v2\/media?parent=1249"}],"wp:term":[{"taxonomy":"category","embeddable":true,"href":"https:\/\/oldpatriarcatovenezia.glauco.it\/pastorale-giovanile\/wp-json\/wp\/v2\/categories?post=1249"},{"taxonomy":"post_tag","embeddable":true,"href":"https:\/\/oldpatriarcatovenezia.glauco.it\/pastorale-giovanile\/wp-json\/wp\/v2\/tags?post=1249"}],"curies":[{"name":"wp","href":"https:\/\/api.w.org\/{rel}","templated":true}]}}