{"id":1218,"date":"2017-01-04T14:46:52","date_gmt":"2017-01-04T13:46:52","guid":{"rendered":"https:\/\/www.patriarcatovenezia.it\/pastorale-giovanile\/?p=1218"},"modified":"2017-01-04T14:51:21","modified_gmt":"2017-01-04T13:51:21","slug":"proiezione-speciale-film-silence","status":"publish","type":"post","link":"https:\/\/oldpatriarcatovenezia.glauco.it\/pastorale-giovanile\/2017\/01\/04\/proiezione-speciale-film-silence\/","title":{"rendered":"Proiezione speciale film Silence"},"content":{"rendered":"<p>La PGVE insieme ad altri uffici pastorali vi invita alla\u00a0proiezione riservata del film&#8230;<\/p>\n<div>\n<div style=\"text-align: center\"><strong><br \/>\n<img loading=\"lazy\" class=\"wp-image-1222 aligncenter\" src=\"https:\/\/www.patriarcatovenezia.it\/pastorale-giovanile\/wp-content\/uploads\/sites\/6\/2017\/01\/cx3zloiucaedlkj-jpg-large-1.jpg\" alt=\"cx3zloiucaedlkj-jpg-large-1\" width=\"410\" height=\"205\" srcset=\"https:\/\/oldpatriarcatovenezia.glauco.it\/pastorale-giovanile\/wp-content\/uploads\/sites\/6\/2017\/01\/cx3zloiucaedlkj-jpg-large-1.jpg 600w, https:\/\/oldpatriarcatovenezia.glauco.it\/pastorale-giovanile\/wp-content\/uploads\/sites\/6\/2017\/01\/cx3zloiucaedlkj-jpg-large-1-300x150.jpg 300w, https:\/\/oldpatriarcatovenezia.glauco.it\/pastorale-giovanile\/wp-content\/uploads\/sites\/6\/2017\/01\/cx3zloiucaedlkj-jpg-large-1-360x180.jpg 360w\" sizes=\"(max-width: 410px) 100vw, 410px\" \/><\/strong><\/div>\n<div style=\"text-align: center\"><\/div>\n<div style=\"text-align: center\">che si terr\u00e0 in due momenti:<\/div>\n<\/div>\n<div style=\"text-align: center\">\n<p><strong>Luned\u00ec 16 gennaio<\/strong><br \/>\n<strong>ore 19.15<\/strong><br \/>\nSala 4 &#8211; IMG Cinemas &#8211; p.le Candiani, MESTRE<\/p>\n<p><strong>e<br \/>\n<\/strong><\/p>\n<\/div>\n<div>\n<p style=\"text-align: center\"><strong>Gioved\u00ec 19 gennaio<\/strong><br \/>\n<strong>ore 18.00<\/strong><br \/>\nSala 1 &#8211; Multisala Rossini, VENEZIA<\/p>\n<p style=\"text-align: center\"><strong><br \/>\nBIGLIETTI<\/strong><br \/>\n<strong>Giovani &#8211;<\/strong>\u00a0<em>dai 15 ai 24 anni<\/em>\u00a0&#8211;\u00a0<strong>2,00 \u20ac<\/strong><br \/>\n<strong>Adulti<\/strong>\u00a0&#8211;\u00a0<em>dai 25 anni in su<\/em>\u00a0&#8211;\u00a0<strong>4,00 \u20ac<br \/>\n<\/strong><\/p>\n<p>&nbsp;<\/p>\n<p><strong><br \/>\n<\/strong><strong>Prenotazione posti\u00a0obbligatoria<\/strong>\u00a0(si consiglia come gruppo)\u00a0da inviare via e-mail a:\u00a0<strong>sirc<\/strong><strong>@patriarcatovenezia.it<\/strong><\/p>\n<p>Con la conferma della vostra prenotazione via e-mail vi verranno inviate le indicazioni per le modalit\u00e0 di pagamento dei biglietti (su Venezia) o della raccolta quote (su Mestre).\u00a0Alcuni incaricati diocesani saranno comunque presenti alla proiezione e cureranno l&#8217;accoglienza.<\/p>\n<p><strong>In allegato<\/strong>: un\u00a0volantino promozionale\u00a0e un foglio in cui sono raccolte\u00a0un paio di recensioni\u00a0sul film che si trovano nel web.<\/p>\n<div><strong>Durata<\/strong>\u00a0del film:\u00a0<em>2h 41&#8242;<\/em><br \/>\n<strong>Cast<\/strong>:\u00a0<em>Liam Neeson,\u00a0Andrew Garfield\u00a0e\u00a0Adam Driver<\/em><br \/>\n<strong>Trama:<\/strong>\u00a0<em>Silence<\/em>\u00a0\u00e8 incentrato sulla storia di missionari gesuiti portoghesi vissuti nel 1600 inviati in Giappone sulle tracce dello scomparso Padre Crist\u00f3v\u00e3o Ferreira, anch&#8217;egli missionario che ha rinnegato la fede dopo esser stato vittima della persecuzione contro i cristiani da parte del regime. La storia si basa sul romanzo omonimo dello scrittore Shusaku Endo, originariamente pubblicato in Giappone nel 1966.<\/div>\n<div><\/div>\n<div><strong>Per approfondire<\/strong>\u00a0ulteriormente con articoli pubblicati\u00a0su <em>La Civilt\u00e0 Cattolica<\/em>:<\/div>\n<ul>\n<li>intervista a M. Scorsese\u00a0<em><a href=\"http:\/\/www.laciviltacattolica.it\/articolo\/silence-intervista-a-martin-scorsese\/\" target=\"_blank\" rel=\"noreferrer\">http:\/\/www.laciviltacattolica.it\/articolo\/silence-intervista-a-martin-scorsese\/<\/a><\/em><\/li>\n<li><em>Silenzio<\/em>, il romanzo di S. Endo\u00a0<em><a href=\"http:\/\/www.laciviltacattolica.it\/articolo\/silenzio-di-shusaku-endo\/\" target=\"_blank\" rel=\"noreferrer\">http:\/\/www.laciviltacattolica.it\/articolo\/silenzio-di-shusaku-endo\/<\/a><\/em><\/li>\n<\/ul>\n<\/div>\n<div><\/div>\n<div>Consigliamo di proporre l&#8217;iniziativa ai ragazzi dalla seconda superiore e in s\u00f9, essendo il tema un po&#8217; impegnativo! Affrettatevi! I posti sono limitati!!!<\/div>\n<p>&nbsp;<\/p>\n","protected":false},"excerpt":{"rendered":"<p>La PGVE insieme ad altri uffici pastorali vi invita alla\u00a0proiezione riservata del film&#8230; che si terr\u00e0 in due momenti: Luned\u00ec 16 gennaio ore 19.15 Sala 4 &#8211; IMG Cinemas &#8211; p.le Candiani, MESTRE e Gioved\u00ec 19 gennaio ore 18.00 Sala 1 &#8211; Multisala Rossini, VENEZIA BIGLIETTI Giovani &#8211;\u00a0dai 15 ai 24 anni\u00a0&#8211;\u00a02,00 \u20ac Adulti\u00a0&#8211;\u00a0dai 25&#8230;  <a class=\"excerpt-read-more\" href=\"https:\/\/oldpatriarcatovenezia.glauco.it\/pastorale-giovanile\/2017\/01\/04\/proiezione-speciale-film-silence\/\" title=\"Leggi Proiezione speciale film Silence\">&raquo; continua<\/a><\/p>\n","protected":false},"author":10,"featured_media":1224,"comment_status":"closed","ping_status":"closed","sticky":false,"template":"","format":"standard","meta":{"ip_address":"","user_agent":"","level":"","revision":"","cookie_id":"","page_referer":"","html_form":""},"categories":[306,307,1,312],"tags":[],"acf":[],"_links":{"self":[{"href":"https:\/\/oldpatriarcatovenezia.glauco.it\/pastorale-giovanile\/wp-json\/wp\/v2\/posts\/1218"}],"collection":[{"href":"https:\/\/oldpatriarcatovenezia.glauco.it\/pastorale-giovanile\/wp-json\/wp\/v2\/posts"}],"about":[{"href":"https:\/\/oldpatriarcatovenezia.glauco.it\/pastorale-giovanile\/wp-json\/wp\/v2\/types\/post"}],"author":[{"embeddable":true,"href":"https:\/\/oldpatriarcatovenezia.glauco.it\/pastorale-giovanile\/wp-json\/wp\/v2\/users\/10"}],"replies":[{"embeddable":true,"href":"https:\/\/oldpatriarcatovenezia.glauco.it\/pastorale-giovanile\/wp-json\/wp\/v2\/comments?post=1218"}],"version-history":[{"count":4,"href":"https:\/\/oldpatriarcatovenezia.glauco.it\/pastorale-giovanile\/wp-json\/wp\/v2\/posts\/1218\/revisions"}],"predecessor-version":[{"id":1227,"href":"https:\/\/oldpatriarcatovenezia.glauco.it\/pastorale-giovanile\/wp-json\/wp\/v2\/posts\/1218\/revisions\/1227"}],"wp:featuredmedia":[{"embeddable":true,"href":"https:\/\/oldpatriarcatovenezia.glauco.it\/pastorale-giovanile\/wp-json\/wp\/v2\/media\/1224"}],"wp:attachment":[{"href":"https:\/\/oldpatriarcatovenezia.glauco.it\/pastorale-giovanile\/wp-json\/wp\/v2\/media?parent=1218"}],"wp:term":[{"taxonomy":"category","embeddable":true,"href":"https:\/\/oldpatriarcatovenezia.glauco.it\/pastorale-giovanile\/wp-json\/wp\/v2\/categories?post=1218"},{"taxonomy":"post_tag","embeddable":true,"href":"https:\/\/oldpatriarcatovenezia.glauco.it\/pastorale-giovanile\/wp-json\/wp\/v2\/tags?post=1218"}],"curies":[{"name":"wp","href":"https:\/\/api.w.org\/{rel}","templated":true}]}}