{"id":1113,"date":"2016-11-09T09:10:06","date_gmt":"2016-11-09T08:10:06","guid":{"rendered":"https:\/\/www.patriarcatovenezia.it\/pastorale-giovanile\/?p=1113"},"modified":"2016-11-09T09:10:06","modified_gmt":"2016-11-09T08:10:06","slug":"vuoi-essere-volontario","status":"publish","type":"post","link":"https:\/\/oldpatriarcatovenezia.glauco.it\/pastorale-giovanile\/2016\/11\/09\/vuoi-essere-volontario\/","title":{"rendered":"Vuoi essere volontario?"},"content":{"rendered":"<hr \/>\n<p>&nbsp;<\/p>\n<p><span style=\"color: #008000\"><em><strong>Riportiamo qui di seguito e in allegato l&#8217;appello di Barbara, un&#8217;amica della PGVE,\u00a0che invita ragazzi e giovani a giocarsi nella dimensione del gratuito. E voi, volete essere volontari?<\/strong><\/em><\/span><\/p>\n<p><span style=\"color: #008000\"><em><strong>Diffondete l&#8217;invito!<\/strong><\/em><\/span><\/p>\n<hr \/>\n<p>&nbsp;<\/p>\n<table width=\"100%\">\n<tbody>\n<tr>\n<td width=\"276\">\n<p style=\"text-align: center\"><em><strong>PROVINCIA LOMBARDO VENETA<\/strong><\/em><\/p>\n<p style=\"text-align: center\"><em>ORDINE OSPEDALIERO DI SAN GIOVANNI DI DIO<\/em><\/p>\n<p style=\"text-align: center\"><em>FATEBENEFRATELLI<\/em><\/p>\n<\/td>\n<td style=\"text-align: center\" width=\"72\"><img loading=\"lazy\" class=\"alignleft size-medium wp-image-1115\" src=\"https:\/\/www.patriarcatovenezia.it\/pastorale-giovanile\/wp-content\/uploads\/sites\/6\/2016\/11\/logo_FBF-300x296.jpg\" alt=\"melograno-PLV\" width=\"300\" height=\"296\" srcset=\"https:\/\/oldpatriarcatovenezia.glauco.it\/pastorale-giovanile\/wp-content\/uploads\/sites\/6\/2016\/11\/logo_FBF-300x296.jpg 300w, https:\/\/oldpatriarcatovenezia.glauco.it\/pastorale-giovanile\/wp-content\/uploads\/sites\/6\/2016\/11\/logo_FBF-768x758.jpg 768w, https:\/\/oldpatriarcatovenezia.glauco.it\/pastorale-giovanile\/wp-content\/uploads\/sites\/6\/2016\/11\/logo_FBF-1024x1011.jpg 1024w, https:\/\/oldpatriarcatovenezia.glauco.it\/pastorale-giovanile\/wp-content\/uploads\/sites\/6\/2016\/11\/logo_FBF-284x280.jpg 284w, https:\/\/oldpatriarcatovenezia.glauco.it\/pastorale-giovanile\/wp-content\/uploads\/sites\/6\/2016\/11\/logo_FBF-778x768.jpg 778w\" sizes=\"(max-width: 300px) 100vw, 300px\" \/><\/td>\n<td width=\"295\">\n<p style=\"text-align: center\"><em>OSPEDALE PROVINCIALE SPECIALIZZATO<\/em><\/p>\n<p style=\"text-align: center\"><em>AD INDIRIZZO MEDICO-RIABILITATIVO<\/em><\/p>\n<p style=\"text-align: center\"><em><strong>\u201cSAN RAFFAELE ARCANGELO\u201d<\/strong><\/em><\/p>\n<p style=\"text-align: center\"><em>\u00a0&#8211; CENTRO\u00a0 SERVIZI\u00a0 FATEBENEFRATELLI &#8211;\u00a0<\/em><\/p>\n<\/td>\n<\/tr>\n<\/tbody>\n<\/table>\n<p>&nbsp;<\/p>\n<p>&nbsp;<\/p>\n<p>Venezia 25\/10\/2016<\/p>\n<p>&nbsp;<\/p>\n<p>Cari amici,<\/p>\n<p>mi \u00e8 stato chiesto di poter seguire il volontariato ospedaliero all&#8217;Ospedale San Raffaele Arcangelo (<em>Fatebenefratelli<\/em>) di Venezia, dove lavoro.<\/p>\n<p>La presenza dei volontari, in questo ospedale, esprime concretamente il mondo della solidariet\u00e0 e della carit\u00e0; impariamo insieme la vicinanza e la gratuit\u00e0 nella dimensione della malattia e della fragilit\u00e0. Credo sia davvero un\u2019opportunit\u00e0 poter vivere questa esperienza, ecco perch\u00e9 desidero rendervi partecipi di questa realt\u00e0.<\/p>\n<p>A volte cerchiamo, per noi, per i nostri ragazzi e giovani, per i nostri gruppi, esperienze che possano farci crescere in umanit\u00e0, ecco, questa \u00e8 una possibilit\u00e0 concreta che viene pensata su misura, tenendo conto dell\u2019et\u00e0, dei tempi e delle capacit\u00e0 di ciascuno.<\/p>\n<p>Ci sono <u>vari modi<\/u> per poter essere volontari qui, ma ognuno di essi \u00e8 dimensione dell\u2019amore gratuito.<\/p>\n<p>Per qualsiasi informazione o comunicazione non esitate a contattarmi:<\/p>\n<p>Barbara mail: <a href=\"mailto:bcini@fatebenefratelli.eu\">bcini@fatebenefratelli.eu<\/a>; tel: 041 783361 &#8211; 3471235096<\/p>\n<p>Vi ringrazio tutti di cuore.<\/p>\n<p><em><strong>Barbara<\/strong><\/em><\/p>\n","protected":false},"excerpt":{"rendered":"<p>&nbsp; Riportiamo qui di seguito e in allegato l&#8217;appello di Barbara, un&#8217;amica della PGVE,\u00a0che invita ragazzi e giovani a giocarsi nella dimensione del gratuito. E voi, volete essere volontari? Diffondete l&#8217;invito! &nbsp; PROVINCIA LOMBARDO VENETA ORDINE OSPEDALIERO DI SAN GIOVANNI DI DIO FATEBENEFRATELLI OSPEDALE PROVINCIALE SPECIALIZZATO AD INDIRIZZO MEDICO-RIABILITATIVO \u201cSAN RAFFAELE ARCANGELO\u201d \u00a0&#8211; CENTRO\u00a0 SERVIZI\u00a0&#8230;  <a class=\"excerpt-read-more\" href=\"https:\/\/oldpatriarcatovenezia.glauco.it\/pastorale-giovanile\/2016\/11\/09\/vuoi-essere-volontario\/\" title=\"Leggi Vuoi essere volontario?\">&raquo; continua<\/a><\/p>\n","protected":false},"author":10,"featured_media":1114,"comment_status":"closed","ping_status":"closed","sticky":false,"template":"","format":"standard","meta":{"ip_address":"","user_agent":"","level":"","revision":"","cookie_id":"","page_referer":"","html_form":""},"categories":[306,307],"tags":[],"acf":[],"_links":{"self":[{"href":"https:\/\/oldpatriarcatovenezia.glauco.it\/pastorale-giovanile\/wp-json\/wp\/v2\/posts\/1113"}],"collection":[{"href":"https:\/\/oldpatriarcatovenezia.glauco.it\/pastorale-giovanile\/wp-json\/wp\/v2\/posts"}],"about":[{"href":"https:\/\/oldpatriarcatovenezia.glauco.it\/pastorale-giovanile\/wp-json\/wp\/v2\/types\/post"}],"author":[{"embeddable":true,"href":"https:\/\/oldpatriarcatovenezia.glauco.it\/pastorale-giovanile\/wp-json\/wp\/v2\/users\/10"}],"replies":[{"embeddable":true,"href":"https:\/\/oldpatriarcatovenezia.glauco.it\/pastorale-giovanile\/wp-json\/wp\/v2\/comments?post=1113"}],"version-history":[{"count":2,"href":"https:\/\/oldpatriarcatovenezia.glauco.it\/pastorale-giovanile\/wp-json\/wp\/v2\/posts\/1113\/revisions"}],"predecessor-version":[{"id":1118,"href":"https:\/\/oldpatriarcatovenezia.glauco.it\/pastorale-giovanile\/wp-json\/wp\/v2\/posts\/1113\/revisions\/1118"}],"wp:featuredmedia":[{"embeddable":true,"href":"https:\/\/oldpatriarcatovenezia.glauco.it\/pastorale-giovanile\/wp-json\/wp\/v2\/media\/1114"}],"wp:attachment":[{"href":"https:\/\/oldpatriarcatovenezia.glauco.it\/pastorale-giovanile\/wp-json\/wp\/v2\/media?parent=1113"}],"wp:term":[{"taxonomy":"category","embeddable":true,"href":"https:\/\/oldpatriarcatovenezia.glauco.it\/pastorale-giovanile\/wp-json\/wp\/v2\/categories?post=1113"},{"taxonomy":"post_tag","embeddable":true,"href":"https:\/\/oldpatriarcatovenezia.glauco.it\/pastorale-giovanile\/wp-json\/wp\/v2\/tags?post=1113"}],"curies":[{"name":"wp","href":"https:\/\/api.w.org\/{rel}","templated":true}]}}