{"id":1004,"date":"2016-10-04T10:00:14","date_gmt":"2016-10-04T08:00:14","guid":{"rendered":"https:\/\/www.patriarcatovenezia.it\/pastorale-giovanile\/?p=1004"},"modified":"2016-10-04T10:00:14","modified_gmt":"2016-10-04T08:00:14","slug":"scuola-di-preghiera-del-litorale","status":"publish","type":"post","link":"https:\/\/oldpatriarcatovenezia.glauco.it\/pastorale-giovanile\/2016\/10\/04\/scuola-di-preghiera-del-litorale\/","title":{"rendered":"Scuola di preghiera del Litorale"},"content":{"rendered":"<p>Per tutti i giovanissimi e giovani dei vicariati di Jesolo-Cavallino-Treporti, Eraclea e Caorle una ghiotta occasione spirituale con la tradizionale scuola di preghiera del Litorale!<\/p>\n<ul>\n<li>Venerd\u00ec 11 novembre ore 21.00 <em>a cura del vicariato di Caorle<\/em><\/li>\n<li>Venerd\u00ec 16 dicembre ore 21.00 <em>a cura del vicariato di Jesolo<\/em><\/li>\n<li>Venerd\u00ec 13 gennaio ore 21.00 <em>a cura del vicariato di Eraclea<\/em><\/li>\n<li>Venerd\u00ec 10 febbraio ore 21.00 <em>a cura del vicariato di Caorle<\/em><\/li>\n<li>Venerd\u00ec 10 marzo ore 21.00 <em>in collaborazione\u00a0con il Seminario &#8211; presso\u00a0Ca&#8217; Savio.<\/em><\/li>\n<\/ul>\n<p>Le sedi saranno confermate prossimamente.<\/p>\n<p>Per l&#8217;anno pastorale 2016-2017 il filo conduttore\u00a0saranno le\u00a0parabole del vangelo di Matteo.<\/p>\n<p>La struttura degli incontri:<\/p>\n<ul>\n<li>Canto di esposizione<\/li>\n<li id=\"yui_3_16_0_ym19_1_1475481509261_24329\">Recita di un salmo<\/li>\n<li>Acclamazione al Vangelo<\/li>\n<li>Vangelo<\/li>\n<li>Meditazione o Testimonianza<\/li>\n<li>tempo di silenzio e preghiera<\/li>\n<li>benedizione eucaristica<\/li>\n<li>conclusione<\/li>\n<\/ul>\n<p>Al termine un\u00a0momento conviviale.<\/p>\n<p><em>Per info:<\/em> don Davide Carraro<\/p>\n","protected":false},"excerpt":{"rendered":"<p>Per tutti i giovanissimi e giovani dei vicariati di Jesolo-Cavallino-Treporti, Eraclea e Caorle una ghiotta occasione spirituale con la tradizionale scuola di preghiera del Litorale! Venerd\u00ec 11 novembre ore 21.00 a cura del vicariato di Caorle Venerd\u00ec 16 dicembre ore 21.00 a cura del vicariato di Jesolo Venerd\u00ec 13 gennaio ore 21.00 a cura del&#8230;  <a class=\"excerpt-read-more\" href=\"https:\/\/oldpatriarcatovenezia.glauco.it\/pastorale-giovanile\/2016\/10\/04\/scuola-di-preghiera-del-litorale\/\" title=\"Leggi Scuola di preghiera del Litorale\">&raquo; continua<\/a><\/p>\n","protected":false},"author":10,"featured_media":1007,"comment_status":"closed","ping_status":"closed","sticky":false,"template":"","format":"standard","meta":{"ip_address":"","user_agent":"","level":"","revision":"","cookie_id":"","page_referer":"","html_form":""},"categories":[306,307,1,311,312],"tags":[],"acf":[],"_links":{"self":[{"href":"https:\/\/oldpatriarcatovenezia.glauco.it\/pastorale-giovanile\/wp-json\/wp\/v2\/posts\/1004"}],"collection":[{"href":"https:\/\/oldpatriarcatovenezia.glauco.it\/pastorale-giovanile\/wp-json\/wp\/v2\/posts"}],"about":[{"href":"https:\/\/oldpatriarcatovenezia.glauco.it\/pastorale-giovanile\/wp-json\/wp\/v2\/types\/post"}],"author":[{"embeddable":true,"href":"https:\/\/oldpatriarcatovenezia.glauco.it\/pastorale-giovanile\/wp-json\/wp\/v2\/users\/10"}],"replies":[{"embeddable":true,"href":"https:\/\/oldpatriarcatovenezia.glauco.it\/pastorale-giovanile\/wp-json\/wp\/v2\/comments?post=1004"}],"version-history":[{"count":3,"href":"https:\/\/oldpatriarcatovenezia.glauco.it\/pastorale-giovanile\/wp-json\/wp\/v2\/posts\/1004\/revisions"}],"predecessor-version":[{"id":1008,"href":"https:\/\/oldpatriarcatovenezia.glauco.it\/pastorale-giovanile\/wp-json\/wp\/v2\/posts\/1004\/revisions\/1008"}],"wp:featuredmedia":[{"embeddable":true,"href":"https:\/\/oldpatriarcatovenezia.glauco.it\/pastorale-giovanile\/wp-json\/wp\/v2\/media\/1007"}],"wp:attachment":[{"href":"https:\/\/oldpatriarcatovenezia.glauco.it\/pastorale-giovanile\/wp-json\/wp\/v2\/media?parent=1004"}],"wp:term":[{"taxonomy":"category","embeddable":true,"href":"https:\/\/oldpatriarcatovenezia.glauco.it\/pastorale-giovanile\/wp-json\/wp\/v2\/categories?post=1004"},{"taxonomy":"post_tag","embeddable":true,"href":"https:\/\/oldpatriarcatovenezia.glauco.it\/pastorale-giovanile\/wp-json\/wp\/v2\/tags?post=1004"}],"curies":[{"name":"wp","href":"https:\/\/api.w.org\/{rel}","templated":true}]}}