{"id":543,"date":"2016-01-10T16:12:02","date_gmt":"2016-01-10T15:12:02","guid":{"rendered":"https:\/\/www.patriarcatovenezia.it\/Evangelizzazione-e-Catechesi\/?p=543"},"modified":"2016-03-31T15:07:14","modified_gmt":"2016-03-31T13:07:14","slug":"serate-di-catechesi-nellarte-in-basilica-di-san-marco","status":"publish","type":"post","link":"https:\/\/oldpatriarcatovenezia.glauco.it\/Evangelizzazione-e-Catechesi\/serate-di-catechesi-nellarte-in-basilica-di-san-marco\/","title":{"rendered":"Serate di Catechesi nell&#8217;Arte in Basilica di San Marco"},"content":{"rendered":"<div style=\"text-align: left\"><strong>Serate\u00a0<\/strong><strong>aperte a tutti i catechisti della diocesi<\/strong><\/div>\n<div>\n<div><img src=\"https:\/\/www.webdeveloper.com\/imagesvr_ce\/webdeveloper\/animation\/latest\/gifs\/animbut.gif\" alt=\"\" \/><span style=\"color: #ff0000\"><strong>I POSTI DISPONIBILI SONO TERMINATI per entrambe le serate<\/strong><\/span><\/div>\n<div><span style=\"color: #ff0000\">(chi \u00e8 interessato a segnalarsi per una lista d&#8217;attesa invii una mail a:\u00a0<strong>catechistico@patriarcatovenezia.it<\/strong><\/span><\/div>\n<div><span style=\"color: #ff0000\">e sar\u00e0 ricontattato in caso di annullamento di qualche prenotazione)<\/span><\/div>\n<div>\u00a0&#8212;&#8212;-<\/div>\n<div><strong>Gioved\u00ec 3 marzo 2016* &#8211; <em>mons. Antonio Meneguolo<\/em><\/strong><\/div>\n<div><\/div>\n<div><strong>Mercoled\u00ec 9 marzo 2016 &#8211; <\/strong><em><strong>don Gianmatteo Caputo<\/strong><\/em><\/div>\n<div><\/div>\n<div><strong>* la data \u00e8 stata anticipata <\/strong>rispetto al primo volantino distribuito per permettere di partecipare alla presentazione del libro &#8220;Il nome di Dio \u00e8 misericordia&#8221; che avverr\u00e0 venerd\u00ec 4 marzo alle 20.45 c\/o il Centro Urbani di Zelarino.<\/div>\n<div><\/div>\n<div>\n<div>Le due date hanno uguale programma e percorso con due relatori differenti, si pu\u00f2 scegliere a quale partecipare.<\/div>\n<div><\/div>\n<div><u><strong>Programma<\/strong><\/u><\/div>\n<div>ore 18.30 &#8211; celebrazione della S. Messa in cripta di San Marco<\/div>\n<div>ore 19.20 &#8211; semplice cena a buffet offerta c\/o la Sala Sant\u2019Apollonia<\/div>\n<div>ore 20.30 &#8211; catechesi itinerante nella Basilica di San Marco\u00a0<em>(orario di termine ore 21.45)<\/em><\/div>\n<div><\/div>\n<div><strong>N.B.: <\/strong>\u00c9 possibile partecipare solo alla catechesi (ore 20.30) ma va data ugualmente la propria adesione ai recapiti qui sotto.<\/div>\n<div>\n<div><\/div>\n<table border=\"3\" width=\"100%\" cellspacing=\"0\" cellpadding=\"10\">\n<tbody>\n<tr>\n<td><strong><strong>ISCRIZIONE GRATUITA e <\/strong><u><strong>obbligatoria<\/strong><\/u><\/strong> <em><strong>(per questioni organizzative)<\/strong><\/em><\/td>\n<\/tr>\n<tr>\n<td>\n<div>presso l&#8217;Ufficio evangelizzazione e catechesi &#8211; S. Marco 320\/A<\/div>\n<div>tel.\u00a0<strong>041 2702462<\/strong><\/div>\n<div>e-mail:\u00a0<strong>catechistico@patriarcatovenezia.it\u00a0<\/strong><\/div>\n<\/td>\n<\/tr>\n<\/tbody>\n<\/table>\n<\/div>\n<\/div>\n<\/div>\n","protected":false},"excerpt":{"rendered":"<p>Serate\u00a0aperte a tutti i catechisti della diocesi I POSTI DISPONIBILI SONO TERMINATI per entrambe le serate (chi \u00e8 interessato a segnalarsi per una lista d&#8217;attesa invii una mail a:\u00a0catechistico@patriarcatovenezia.it e sar\u00e0 ricontattato in caso di annullamento di qualche prenotazione) \u00a0&#8212;&#8212;- Gioved\u00ec 3 marzo 2016* &#8211; mons. Antonio Meneguolo Mercoled\u00ec 9 marzo 2016 &#8211; don Gianmatteo&#8230;  <a class=\"excerpt-read-more\" href=\"https:\/\/oldpatriarcatovenezia.glauco.it\/Evangelizzazione-e-Catechesi\/serate-di-catechesi-nellarte-in-basilica-di-san-marco\/\" title=\"Leggi Serate di Catechesi nell&#8217;Arte in Basilica di San Marco\">&raquo; continua<\/a><\/p>\n","protected":false},"author":9,"featured_media":432,"comment_status":"closed","ping_status":"closed","sticky":false,"template":"","format":"standard","meta":{"ip_address":"","user_agent":"","level":"","revision":"","cookie_id":"","page_referer":"","html_form":""},"categories":[92,86],"tags":[],"acf":[],"_links":{"self":[{"href":"https:\/\/oldpatriarcatovenezia.glauco.it\/Evangelizzazione-e-Catechesi\/wp-json\/wp\/v2\/posts\/543"}],"collection":[{"href":"https:\/\/oldpatriarcatovenezia.glauco.it\/Evangelizzazione-e-Catechesi\/wp-json\/wp\/v2\/posts"}],"about":[{"href":"https:\/\/oldpatriarcatovenezia.glauco.it\/Evangelizzazione-e-Catechesi\/wp-json\/wp\/v2\/types\/post"}],"author":[{"embeddable":true,"href":"https:\/\/oldpatriarcatovenezia.glauco.it\/Evangelizzazione-e-Catechesi\/wp-json\/wp\/v2\/users\/9"}],"replies":[{"embeddable":true,"href":"https:\/\/oldpatriarcatovenezia.glauco.it\/Evangelizzazione-e-Catechesi\/wp-json\/wp\/v2\/comments?post=543"}],"version-history":[{"count":4,"href":"https:\/\/oldpatriarcatovenezia.glauco.it\/Evangelizzazione-e-Catechesi\/wp-json\/wp\/v2\/posts\/543\/revisions"}],"predecessor-version":[{"id":548,"href":"https:\/\/oldpatriarcatovenezia.glauco.it\/Evangelizzazione-e-Catechesi\/wp-json\/wp\/v2\/posts\/543\/revisions\/548"}],"wp:featuredmedia":[{"embeddable":true,"href":"https:\/\/oldpatriarcatovenezia.glauco.it\/Evangelizzazione-e-Catechesi\/wp-json\/wp\/v2\/media\/432"}],"wp:attachment":[{"href":"https:\/\/oldpatriarcatovenezia.glauco.it\/Evangelizzazione-e-Catechesi\/wp-json\/wp\/v2\/media?parent=543"}],"wp:term":[{"taxonomy":"category","embeddable":true,"href":"https:\/\/oldpatriarcatovenezia.glauco.it\/Evangelizzazione-e-Catechesi\/wp-json\/wp\/v2\/categories?post=543"},{"taxonomy":"post_tag","embeddable":true,"href":"https:\/\/oldpatriarcatovenezia.glauco.it\/Evangelizzazione-e-Catechesi\/wp-json\/wp\/v2\/tags?post=543"}],"curies":[{"name":"wp","href":"https:\/\/api.w.org\/{rel}","templated":true}]}}