{"id":4321,"date":"2023-10-16T11:54:24","date_gmt":"2023-10-16T09:54:24","guid":{"rendered":"https:\/\/www.patriarcatovenezia.it\/Evangelizzazione-e-Catechesi\/?p=4321"},"modified":"2023-10-23T12:23:54","modified_gmt":"2023-10-23T10:23:54","slug":"un-percorso-in-sei-schede-per-la-formazione-dei-catechisti-io-saro-con-te","status":"publish","type":"post","link":"https:\/\/oldpatriarcatovenezia.glauco.it\/Evangelizzazione-e-Catechesi\/un-percorso-in-sei-schede-per-la-formazione-dei-catechisti-io-saro-con-te\/","title":{"rendered":"Un percorso in sei schede per la formazione dei catechisti: IO SARO&#8217; CON TE"},"content":{"rendered":"<p>L&#8217;ufficio evangelizzazione e catechesi ha\u00a0 pensato di cogliere il suggerimento del Patriarca Francesco di riprendere in mano alcuni racconti biblici di persone chiamate da Dio a collaborare nella storia della Salvezza e\/o nell\u2019annuncio del Vangelo, agevolando il lavoro con sei schede &#8211; raccolte in un percorso dal titolo <strong>IO SAR\u00d2 CON TE<\/strong><br \/>\nOra questo percorso \u00e8 messo a disposizione di tutti i gruppi catechisti nelle parrocchie\/collaborazioni, proseguendo cos\u00ec ci\u00f2 che si \u00e8 iniziato nelle giornate formative diocesane svolte tra settembre\/ottobre.<\/p>\n<p>Rileggere le vicende di <strong>Abramo, Mos\u00e8, Elia, Davide, Geremia, Pietro\u2026<\/strong> ci far\u00e0 capire meglio i criteri secondo i quali il Signore sceglie (che sappiamo bene non essere i nostri) e come non abbia mai la pretesa di avere davanti a s\u00e9 uomini e donne senza difetti per assegnare loro un compito.<\/p>\n<p>Un grazie particolare a don Paolo Ferrazzo, Direttore dell&#8217;Ufficio Missioni, per la sua preziosa collaborazione.<\/p>\n<p><a href=\"https:\/\/www.patriarcatovenezia.it\/Evangelizzazione-e-Catechesi\/attivita\/io-saro-con-te-percorso-in-sei-schede-per-i-gruppi-catechisti\/\"><strong>&gt;&gt;&gt;VAI alla pagina per scaricare tutti i materiali<\/strong><\/a><\/p>\n","protected":false},"excerpt":{"rendered":"<p>L&#8217;ufficio evangelizzazione e catechesi ha\u00a0 pensato di cogliere il suggerimento del Patriarca Francesco di riprendere in mano alcuni racconti biblici di persone chiamate da Dio a collaborare nella storia della Salvezza e\/o nell\u2019annuncio del Vangelo, agevolando il lavoro con sei schede &#8211; raccolte in un percorso dal titolo IO SAR\u00d2 CON TE Ora questo percorso&#8230;  <a class=\"excerpt-read-more\" href=\"https:\/\/oldpatriarcatovenezia.glauco.it\/Evangelizzazione-e-Catechesi\/un-percorso-in-sei-schede-per-la-formazione-dei-catechisti-io-saro-con-te\/\" title=\"Leggi Un percorso in sei schede per la formazione dei catechisti: IO SARO&#8217; CON TE\">&raquo; continua<\/a><\/p>\n","protected":false},"author":9,"featured_media":4316,"comment_status":"closed","ping_status":"closed","sticky":false,"template":"","format":"standard","meta":{"ip_address":"","user_agent":"","level":"","revision":"","cookie_id":"","page_referer":"","html_form":""},"categories":[1,86],"tags":[],"acf":[],"_links":{"self":[{"href":"https:\/\/oldpatriarcatovenezia.glauco.it\/Evangelizzazione-e-Catechesi\/wp-json\/wp\/v2\/posts\/4321"}],"collection":[{"href":"https:\/\/oldpatriarcatovenezia.glauco.it\/Evangelizzazione-e-Catechesi\/wp-json\/wp\/v2\/posts"}],"about":[{"href":"https:\/\/oldpatriarcatovenezia.glauco.it\/Evangelizzazione-e-Catechesi\/wp-json\/wp\/v2\/types\/post"}],"author":[{"embeddable":true,"href":"https:\/\/oldpatriarcatovenezia.glauco.it\/Evangelizzazione-e-Catechesi\/wp-json\/wp\/v2\/users\/9"}],"replies":[{"embeddable":true,"href":"https:\/\/oldpatriarcatovenezia.glauco.it\/Evangelizzazione-e-Catechesi\/wp-json\/wp\/v2\/comments?post=4321"}],"version-history":[{"count":5,"href":"https:\/\/oldpatriarcatovenezia.glauco.it\/Evangelizzazione-e-Catechesi\/wp-json\/wp\/v2\/posts\/4321\/revisions"}],"predecessor-version":[{"id":4342,"href":"https:\/\/oldpatriarcatovenezia.glauco.it\/Evangelizzazione-e-Catechesi\/wp-json\/wp\/v2\/posts\/4321\/revisions\/4342"}],"wp:featuredmedia":[{"embeddable":true,"href":"https:\/\/oldpatriarcatovenezia.glauco.it\/Evangelizzazione-e-Catechesi\/wp-json\/wp\/v2\/media\/4316"}],"wp:attachment":[{"href":"https:\/\/oldpatriarcatovenezia.glauco.it\/Evangelizzazione-e-Catechesi\/wp-json\/wp\/v2\/media?parent=4321"}],"wp:term":[{"taxonomy":"category","embeddable":true,"href":"https:\/\/oldpatriarcatovenezia.glauco.it\/Evangelizzazione-e-Catechesi\/wp-json\/wp\/v2\/categories?post=4321"},{"taxonomy":"post_tag","embeddable":true,"href":"https:\/\/oldpatriarcatovenezia.glauco.it\/Evangelizzazione-e-Catechesi\/wp-json\/wp\/v2\/tags?post=4321"}],"curies":[{"name":"wp","href":"https:\/\/api.w.org\/{rel}","templated":true}]}}