{"id":4157,"date":"2023-02-03T14:58:40","date_gmt":"2023-02-03T13:58:40","guid":{"rendered":"https:\/\/www.patriarcatovenezia.it\/Evangelizzazione-e-Catechesi\/?p=4157"},"modified":"2023-02-07T09:33:15","modified_gmt":"2023-02-07T08:33:15","slug":"cammino-per-la-quaresima-2023","status":"publish","type":"post","link":"https:\/\/oldpatriarcatovenezia.glauco.it\/Evangelizzazione-e-Catechesi\/cammino-per-la-quaresima-2023\/","title":{"rendered":"CAMMINO per la QUARESIMA 2023"},"content":{"rendered":"<p>Si mette a disposizione de i gruppi di catechesi che fossero alla ricerca di una traccia per il cammino quaresimale 2023, una &#8220;rivisitazione&#8221; del sussidio prodotto gi\u00e0 nel 2020 dal nostro Ufficio.<br \/>\nLa ciclicit\u00e0 dell&#8217;anno liturgico e la nostra scelta di costruire i sussidi quasi sempre sulle letture della domenica, agevolano il poter riproporre un itinerario battesimale che sappiamo essere stato poco o per niente sfruttato, a causa dell&#8217;inizio della pandemia in Italia. In quella Quaresima, infatti, svolgere l&#8217;attivit\u00e0 nei gruppi fu impossibile se non comunicando a distanza e ripensando tutte le proposte catechistiche a misura di ragazzi o di famiglia, per vivere una Pasqua &#8220;casalinga&#8221;.<\/p>\n<p>Oggi che, fortunatamente, la situazione \u00e8 di gran lunga diversa ci \u00e8 stato possibile riprendere i contenuti e adattarli, dove necessario, perch\u00e9 il lavoro torni utile a quanti desiderano vivere la Quaresima alla luce della Parola di Dio e aiutare bambini e ragazzi ad approfondire il dono del proprio BATTESIMO.<\/p>\n<p>SCARICA I MATERIALI:<br \/>\n\u21d2 &#8220;<a href=\"https:\/\/www.patriarcatovenezia.it\/Evangelizzazione-e-Catechesi\/wp-content\/uploads\/sites\/2\/2023\/02\/IMMERSI_IN_DIO_Quaresima2023.pdf\" target=\"_blank\" rel=\"noopener\"><strong>IMMERSI IN DIO, FONTE DELLA VITA<\/strong><\/a>&#8221;<br \/>\n\u21d2\u00a0<a href=\"https:\/\/www.patriarcatovenezia.it\/Evangelizzazione-e-Catechesi\/wp-content\/uploads\/sites\/2\/2023\/02\/ALLEGATO_quar2023.pdf\" target=\"_blank\" rel=\"noopener\"><strong> ALLEGATO<\/strong><\/a><\/p>\n<p>La Quaresima 2023 per molte parrocchie sar\u00e0 anche caratterizzata dalla partecipazione al <strong>Pellegrinaggio diocesano dei preadolescenti<\/strong> (Assisi, 17-19 marzo) per il quale, invece, sono state predisposte\u00a0<strong><a href=\"https:\/\/www.patriarcatovenezia.it\/pastorale-ragazzi\/2023\/01\/30\/schede-tematiche-in-preparazione\/\" target=\"_blank\" rel=\"noopener\">tre SCHEDE TEMATICHE<\/a><\/strong>\u00a0 specifiche per l&#8217;accompagnamento dei ragazzi (chi non lo avesse ancora fatto le trova nella pagina dedicata alla <em>Pastorale dei ragazzi<\/em>)<\/p>\n<p>&nbsp;<\/p>\n","protected":false},"excerpt":{"rendered":"<p>Si mette a disposizione de i gruppi di catechesi che fossero alla ricerca di una traccia per il cammino quaresimale 2023, una &#8220;rivisitazione&#8221; del sussidio prodotto gi\u00e0 nel 2020 dal nostro Ufficio. La ciclicit\u00e0 dell&#8217;anno liturgico e la nostra scelta di costruire i sussidi quasi sempre sulle letture della domenica, agevolano il poter riproporre un&#8230;  <a class=\"excerpt-read-more\" href=\"https:\/\/oldpatriarcatovenezia.glauco.it\/Evangelizzazione-e-Catechesi\/cammino-per-la-quaresima-2023\/\" title=\"Leggi CAMMINO per la QUARESIMA 2023\">&raquo; continua<\/a><\/p>\n","protected":false},"author":9,"featured_media":4160,"comment_status":"closed","ping_status":"closed","sticky":false,"template":"","format":"standard","meta":{"ip_address":"","user_agent":"","level":"","revision":"","cookie_id":"","page_referer":"","html_form":""},"categories":[1,86],"tags":[],"acf":[],"_links":{"self":[{"href":"https:\/\/oldpatriarcatovenezia.glauco.it\/Evangelizzazione-e-Catechesi\/wp-json\/wp\/v2\/posts\/4157"}],"collection":[{"href":"https:\/\/oldpatriarcatovenezia.glauco.it\/Evangelizzazione-e-Catechesi\/wp-json\/wp\/v2\/posts"}],"about":[{"href":"https:\/\/oldpatriarcatovenezia.glauco.it\/Evangelizzazione-e-Catechesi\/wp-json\/wp\/v2\/types\/post"}],"author":[{"embeddable":true,"href":"https:\/\/oldpatriarcatovenezia.glauco.it\/Evangelizzazione-e-Catechesi\/wp-json\/wp\/v2\/users\/9"}],"replies":[{"embeddable":true,"href":"https:\/\/oldpatriarcatovenezia.glauco.it\/Evangelizzazione-e-Catechesi\/wp-json\/wp\/v2\/comments?post=4157"}],"version-history":[{"count":10,"href":"https:\/\/oldpatriarcatovenezia.glauco.it\/Evangelizzazione-e-Catechesi\/wp-json\/wp\/v2\/posts\/4157\/revisions"}],"predecessor-version":[{"id":4184,"href":"https:\/\/oldpatriarcatovenezia.glauco.it\/Evangelizzazione-e-Catechesi\/wp-json\/wp\/v2\/posts\/4157\/revisions\/4184"}],"wp:featuredmedia":[{"embeddable":true,"href":"https:\/\/oldpatriarcatovenezia.glauco.it\/Evangelizzazione-e-Catechesi\/wp-json\/wp\/v2\/media\/4160"}],"wp:attachment":[{"href":"https:\/\/oldpatriarcatovenezia.glauco.it\/Evangelizzazione-e-Catechesi\/wp-json\/wp\/v2\/media?parent=4157"}],"wp:term":[{"taxonomy":"category","embeddable":true,"href":"https:\/\/oldpatriarcatovenezia.glauco.it\/Evangelizzazione-e-Catechesi\/wp-json\/wp\/v2\/categories?post=4157"},{"taxonomy":"post_tag","embeddable":true,"href":"https:\/\/oldpatriarcatovenezia.glauco.it\/Evangelizzazione-e-Catechesi\/wp-json\/wp\/v2\/tags?post=4157"}],"curies":[{"name":"wp","href":"https:\/\/api.w.org\/{rel}","templated":true}]}}