{"id":4038,"date":"2022-11-08T16:37:01","date_gmt":"2022-11-08T15:37:01","guid":{"rendered":"https:\/\/www.patriarcatovenezia.it\/Evangelizzazione-e-Catechesi\/?p=4038"},"modified":"2022-11-09T12:43:10","modified_gmt":"2022-11-09T11:43:10","slug":"avvento-di-fraternita-2022","status":"publish","type":"post","link":"https:\/\/oldpatriarcatovenezia.glauco.it\/Evangelizzazione-e-Catechesi\/avvento-di-fraternita-2022\/","title":{"rendered":"AVVENTO di fraternit\u00e0 2022"},"content":{"rendered":"<p>La diocesi di Venezia, da sempre attenta alle persone pi\u00f9 in difficolt\u00e0 nel nostro territorio, vive con crescente preoccupazione la situazione economica legata al particolare momento storico, con una crisi energetica che vede crescere la spesa di molte famiglie, pesando in particolare su quelle pi\u00f9 fragili.<br \/>\nLuce e caldo d\u2019inverno. Beni, fino a poco fa consolidati e acquisiti, si sono improvvisamente rivelati nella loro precariet\u00e0, come un tesoro prezioso da custodire con cura.<\/p>\n<p>In vista dell\u2019Avvento e del Santo Natale, la <strong>Caritas veneziana<\/strong> e gli <strong>Uffici pastorali<\/strong> della diocesi hanno\u00a0pensato di lanciare a tutti, famiglie e singoli del territorio diocesano, una raccolta fondi dedicata specificatamente al sostegno del pagamento delle utenze, di quanti si rivolgono alle parrocchie o ai Centri di Ascolto della Caritas per ricevere un aiuto.<\/p>\n<p>Ecco che parte <strong><a href=\"https:\/\/www.patriarcatovenezia.it\/Evangelizzazione-e-Catechesi\/wp-content\/uploads\/sites\/2\/2022\/11\/Avvento_fraternita_2022.pdf\">COLLETTA x la BOLLETTA<\/a>\u00a0<\/strong>una raccolta di fondi da parte delle famiglie per aiutare altre famiglie, dove anche il minimo contributo, se messo insieme, diventa un sostegno\u00a0 e un sollievo importante.<\/p>\n<p>Sar\u00e0 possibile donare attraverso i consueti <strong>salvadanai<\/strong>, consegnati nelle parrocchie e all\u2019Incontro della Carit\u00e0 del 27 novembre in Basilica di San Marco, oppure con bonifico bancario a<br \/>\n<span style=\"color: #ff0000\"><strong>DIOCESI: PATRIARCATO DI VENEZIA<\/strong><\/span><br \/>\n<span style=\"color: #ff0000\"><strong>IBAN: IT65D0306909606100000006662<br \/>\ncausale: &#8220;Avvento di fraternit\u00e0 2022&#8221;<\/strong><\/span><\/p>\n","protected":false},"excerpt":{"rendered":"<p>La diocesi di Venezia, da sempre attenta alle persone pi\u00f9 in difficolt\u00e0 nel nostro territorio, vive con crescente preoccupazione la situazione economica legata al particolare momento storico, con una crisi energetica che vede crescere la spesa di molte famiglie, pesando in particolare su quelle pi\u00f9 fragili. Luce e caldo d\u2019inverno. Beni, fino a poco fa&#8230;  <a class=\"excerpt-read-more\" href=\"https:\/\/oldpatriarcatovenezia.glauco.it\/Evangelizzazione-e-Catechesi\/avvento-di-fraternita-2022\/\" title=\"Leggi AVVENTO di fraternit\u00e0 2022\">&raquo; continua<\/a><\/p>\n","protected":false},"author":9,"featured_media":4039,"comment_status":"closed","ping_status":"closed","sticky":false,"template":"","format":"standard","meta":{"ip_address":"","user_agent":"","level":"","revision":"","cookie_id":"","page_referer":"","html_form":""},"categories":[1,86],"tags":[],"acf":[],"_links":{"self":[{"href":"https:\/\/oldpatriarcatovenezia.glauco.it\/Evangelizzazione-e-Catechesi\/wp-json\/wp\/v2\/posts\/4038"}],"collection":[{"href":"https:\/\/oldpatriarcatovenezia.glauco.it\/Evangelizzazione-e-Catechesi\/wp-json\/wp\/v2\/posts"}],"about":[{"href":"https:\/\/oldpatriarcatovenezia.glauco.it\/Evangelizzazione-e-Catechesi\/wp-json\/wp\/v2\/types\/post"}],"author":[{"embeddable":true,"href":"https:\/\/oldpatriarcatovenezia.glauco.it\/Evangelizzazione-e-Catechesi\/wp-json\/wp\/v2\/users\/9"}],"replies":[{"embeddable":true,"href":"https:\/\/oldpatriarcatovenezia.glauco.it\/Evangelizzazione-e-Catechesi\/wp-json\/wp\/v2\/comments?post=4038"}],"version-history":[{"count":5,"href":"https:\/\/oldpatriarcatovenezia.glauco.it\/Evangelizzazione-e-Catechesi\/wp-json\/wp\/v2\/posts\/4038\/revisions"}],"predecessor-version":[{"id":4051,"href":"https:\/\/oldpatriarcatovenezia.glauco.it\/Evangelizzazione-e-Catechesi\/wp-json\/wp\/v2\/posts\/4038\/revisions\/4051"}],"wp:featuredmedia":[{"embeddable":true,"href":"https:\/\/oldpatriarcatovenezia.glauco.it\/Evangelizzazione-e-Catechesi\/wp-json\/wp\/v2\/media\/4039"}],"wp:attachment":[{"href":"https:\/\/oldpatriarcatovenezia.glauco.it\/Evangelizzazione-e-Catechesi\/wp-json\/wp\/v2\/media?parent=4038"}],"wp:term":[{"taxonomy":"category","embeddable":true,"href":"https:\/\/oldpatriarcatovenezia.glauco.it\/Evangelizzazione-e-Catechesi\/wp-json\/wp\/v2\/categories?post=4038"},{"taxonomy":"post_tag","embeddable":true,"href":"https:\/\/oldpatriarcatovenezia.glauco.it\/Evangelizzazione-e-Catechesi\/wp-json\/wp\/v2\/tags?post=4038"}],"curies":[{"name":"wp","href":"https:\/\/api.w.org\/{rel}","templated":true}]}}