{"id":3737,"date":"2021-09-16T12:53:47","date_gmt":"2021-09-16T10:53:47","guid":{"rendered":"https:\/\/www.patriarcatovenezia.it\/Evangelizzazione-e-Catechesi\/?p=3737"},"modified":"2021-09-16T12:56:47","modified_gmt":"2021-09-16T10:56:47","slug":"linee-per-la-catechesi-in-italia-2021-2022","status":"publish","type":"post","link":"https:\/\/oldpatriarcatovenezia.glauco.it\/Evangelizzazione-e-Catechesi\/linee-per-la-catechesi-in-italia-2021-2022\/","title":{"rendered":"LINEE PER LA CATECHESI IN ITALIA 2021-2022"},"content":{"rendered":"<p><strong><em>&#8220;<\/em><a href=\"https:\/\/catechistico.chiesacattolica.it\/wp-content\/uploads\/sites\/11\/2021\/09\/08\/ArtigianidiComunita%CC%80-7sett_DEF.pdf\"><em>Artigiani di comunit\u00e0<\/em><\/a><em>&#8220;<\/em><\/strong> \u00e8 il titolo dell&#8217;ultimo documento redatto dall&#8217;Ufficio Catechistico Nazionale, con l&#8217;intento di radunare in un unico strumento pi\u00f9 interventi utili alle diocesi e alle parrocchie per pensare e ri-pensare la proposta catechistica dei prossimi anni.<br \/>\nCi permettiamo di allargare infatti la dicitura &#8220;per l&#8217;anno 2021-2022&#8221; ad un pi\u00f9 ampio orizzonte, cos\u00ec come suggerito anche nell&#8217;<strong><a href=\"https:\/\/www.patriarcatovenezia.it\/wp-content\/uploads\/2021\/08\/Orizzonte-Pastorale-2021.pdf\">ORIZZONTE PASTORALE diocesano<\/a>,<\/strong> poich\u00e9 \u00e8 evidente a tutti &#8211; ormai &#8211; come i processi in atto non possano caratterizzare un periodo di tempo limitato, ma richiedano la &#8220;calma sapiente&#8221; per una sana riflessione, sperimentazione e verifica sotto la guida dello Spirito Santo. Il documento \u00e8 ricco di spunti in questo senso e verr\u00e0 ripreso anche dall&#8217;Ufficio catechistico per la formazione, ma \u00e8 un ottimo strumento per il lavoro di ogni comunit\u00e0 catechistica parrocchiale.<\/p>\n<p>Invitiamo dunque a leggere<strong> <a href=\"https:\/\/catechistico.chiesacattolica.it\/linee-guida-per-la-catechesi-in-italia\/\">l&#8217;articolo<\/a> <\/strong>in merito e a scaricare il documento in esso allegato.<br \/>\nLa presentazione ufficiale si potr\u00e0 seguire il 24 settembre dalle ore 17.00 alle 18.00 sul canale <em>youtube<\/em> e sulla pagina <em>facebook <\/em>della CEI, aperta a chiunque desideri collegarsi.<\/p>\n<p>&nbsp;<\/p>\n","protected":false},"excerpt":{"rendered":"<p>&#8220;Artigiani di comunit\u00e0&#8220; \u00e8 il titolo dell&#8217;ultimo documento redatto dall&#8217;Ufficio Catechistico Nazionale, con l&#8217;intento di radunare in un unico strumento pi\u00f9 interventi utili alle diocesi e alle parrocchie per pensare e ri-pensare la proposta catechistica dei prossimi anni. Ci permettiamo di allargare infatti la dicitura &#8220;per l&#8217;anno 2021-2022&#8221; ad un pi\u00f9 ampio orizzonte, cos\u00ec come&#8230;  <a class=\"excerpt-read-more\" href=\"https:\/\/oldpatriarcatovenezia.glauco.it\/Evangelizzazione-e-Catechesi\/linee-per-la-catechesi-in-italia-2021-2022\/\" title=\"Leggi LINEE PER LA CATECHESI IN ITALIA 2021-2022\">&raquo; continua<\/a><\/p>\n","protected":false},"author":9,"featured_media":3738,"comment_status":"closed","ping_status":"closed","sticky":false,"template":"","format":"standard","meta":{"ip_address":"","user_agent":"","level":"","revision":"","cookie_id":"","page_referer":"","html_form":""},"categories":[1,86],"tags":[],"acf":[],"_links":{"self":[{"href":"https:\/\/oldpatriarcatovenezia.glauco.it\/Evangelizzazione-e-Catechesi\/wp-json\/wp\/v2\/posts\/3737"}],"collection":[{"href":"https:\/\/oldpatriarcatovenezia.glauco.it\/Evangelizzazione-e-Catechesi\/wp-json\/wp\/v2\/posts"}],"about":[{"href":"https:\/\/oldpatriarcatovenezia.glauco.it\/Evangelizzazione-e-Catechesi\/wp-json\/wp\/v2\/types\/post"}],"author":[{"embeddable":true,"href":"https:\/\/oldpatriarcatovenezia.glauco.it\/Evangelizzazione-e-Catechesi\/wp-json\/wp\/v2\/users\/9"}],"replies":[{"embeddable":true,"href":"https:\/\/oldpatriarcatovenezia.glauco.it\/Evangelizzazione-e-Catechesi\/wp-json\/wp\/v2\/comments?post=3737"}],"version-history":[{"count":3,"href":"https:\/\/oldpatriarcatovenezia.glauco.it\/Evangelizzazione-e-Catechesi\/wp-json\/wp\/v2\/posts\/3737\/revisions"}],"predecessor-version":[{"id":3741,"href":"https:\/\/oldpatriarcatovenezia.glauco.it\/Evangelizzazione-e-Catechesi\/wp-json\/wp\/v2\/posts\/3737\/revisions\/3741"}],"wp:featuredmedia":[{"embeddable":true,"href":"https:\/\/oldpatriarcatovenezia.glauco.it\/Evangelizzazione-e-Catechesi\/wp-json\/wp\/v2\/media\/3738"}],"wp:attachment":[{"href":"https:\/\/oldpatriarcatovenezia.glauco.it\/Evangelizzazione-e-Catechesi\/wp-json\/wp\/v2\/media?parent=3737"}],"wp:term":[{"taxonomy":"category","embeddable":true,"href":"https:\/\/oldpatriarcatovenezia.glauco.it\/Evangelizzazione-e-Catechesi\/wp-json\/wp\/v2\/categories?post=3737"},{"taxonomy":"post_tag","embeddable":true,"href":"https:\/\/oldpatriarcatovenezia.glauco.it\/Evangelizzazione-e-Catechesi\/wp-json\/wp\/v2\/tags?post=3737"}],"curies":[{"name":"wp","href":"https:\/\/api.w.org\/{rel}","templated":true}]}}