{"id":3285,"date":"2020-07-02T09:22:11","date_gmt":"2020-07-02T07:22:11","guid":{"rendered":"https:\/\/www.patriarcatovenezia.it\/Evangelizzazione-e-Catechesi\/?p=3285"},"modified":"2020-07-02T09:28:26","modified_gmt":"2020-07-02T07:28:26","slug":"traccia-di-riflessione-e-risorto-il-terzo-giorno","status":"publish","type":"post","link":"https:\/\/oldpatriarcatovenezia.glauco.it\/Evangelizzazione-e-Catechesi\/traccia-di-riflessione-e-risorto-il-terzo-giorno\/","title":{"rendered":"Traccia di riflessione: E&#8217; RISORTO IL TERZO GIORNO"},"content":{"rendered":"<p>In questo tempo di rielaborazione di quanto vissuto e di riflessione su ci\u00f2 che ci attende nel nostro servizio alla catechesi, vi segnaliamo la traccia di riflessione elaborata dalla Commissione Episcopale per la Dottrina della Fede, l\u2019Annuncio e la Catechesi della CEI, che si intitola<strong> <a href=\"https:\/\/catechistico.chiesacattolica.it\/e-risorto-il-terzo-giorno-una-lettura-biblico-spirituale-dellesperienza-della-pandemia\/\">\u201c\u00c8 risorto il terzo giorno\u201d<\/a>.\u00a0<\/strong>\u00c8 stata pensata per accompagnare equipe diocesane, catechisti e quanti sono impegnati sul fronte dell\u2019annuncio e dell\u2019iniziazione cristiana con\u00a0 una \u201crilettura biblico-spirituale dell\u2019esperienza della pandemia\u201d, destinata a credenti e non credenti, che prende le mosse da un ascolto attento delle paure, dei bisogni e delle attese delle persone che, nel proprio contesto e con i propri strumenti, si sono trovate ad affrontare l\u2019emergenza sanitaria da Covid-19.<\/p>\n<p>La Commissione Episcopale colloca gli eventi recenti sullo sfondo del mistero pasquale di Ges\u00f9: dal Venerd\u00ec della morte in croce sino alla Domenica di risurrezione, attraverso il Sabato della deposizione nel sepolcro, perch\u00e9 convinta che \u201cuna lettura pasquale dell\u2019esperienza della pandemia non pu\u00f2 prospettare il semplice ritorno alla situazione di prima\u201d.<\/p>\n<blockquote>\n<h4><strong>&gt;&gt;&gt;\u00a0<\/strong><a href=\"https:\/\/catechistico.chiesacattolica.it\/e-risorto-il-terzo-giorno-una-lettura-biblico-spirituale-dellesperienza-della-pandemia\/\"><strong>Vai alla pagina di presentazione della lettera per scaricarla<\/strong><\/a><\/h4>\n<\/blockquote>\n<a href=\"https:\/\/www.youtube.com\/watch?v=mFGSuWTeIjg&amp;feature=youtu.be\" data-rel=\"lightbox-video-0\"><img loading=\"lazy\" class=\"aligncenter  wp-image-3286\" src=\"https:\/\/www.patriarcatovenezia.it\/Evangelizzazione-e-Catechesi\/wp-content\/uploads\/sites\/2\/2020\/07\/E\u0300-risorto-300x187.jpg\" alt=\"\" width=\"355\" height=\"221\" \/><\/a>\n","protected":false},"excerpt":{"rendered":"<p>In questo tempo di rielaborazione di quanto vissuto e di riflessione su ci\u00f2 che ci attende nel nostro servizio alla catechesi, vi segnaliamo la traccia di riflessione elaborata dalla Commissione Episcopale per la Dottrina della Fede, l\u2019Annuncio e la Catechesi della CEI, che si intitola \u201c\u00c8 risorto il terzo giorno\u201d.\u00a0\u00c8 stata pensata per accompagnare equipe&#8230;  <a class=\"excerpt-read-more\" href=\"https:\/\/oldpatriarcatovenezia.glauco.it\/Evangelizzazione-e-Catechesi\/traccia-di-riflessione-e-risorto-il-terzo-giorno\/\" title=\"Leggi Traccia di riflessione: E&#8217; RISORTO IL TERZO GIORNO\">&raquo; continua<\/a><\/p>\n","protected":false},"author":9,"featured_media":3289,"comment_status":"closed","ping_status":"closed","sticky":false,"template":"","format":"standard","meta":{"ip_address":"","user_agent":"","level":"","revision":"","cookie_id":"","page_referer":"","html_form":""},"categories":[89,86],"tags":[],"acf":[],"_links":{"self":[{"href":"https:\/\/oldpatriarcatovenezia.glauco.it\/Evangelizzazione-e-Catechesi\/wp-json\/wp\/v2\/posts\/3285"}],"collection":[{"href":"https:\/\/oldpatriarcatovenezia.glauco.it\/Evangelizzazione-e-Catechesi\/wp-json\/wp\/v2\/posts"}],"about":[{"href":"https:\/\/oldpatriarcatovenezia.glauco.it\/Evangelizzazione-e-Catechesi\/wp-json\/wp\/v2\/types\/post"}],"author":[{"embeddable":true,"href":"https:\/\/oldpatriarcatovenezia.glauco.it\/Evangelizzazione-e-Catechesi\/wp-json\/wp\/v2\/users\/9"}],"replies":[{"embeddable":true,"href":"https:\/\/oldpatriarcatovenezia.glauco.it\/Evangelizzazione-e-Catechesi\/wp-json\/wp\/v2\/comments?post=3285"}],"version-history":[{"count":4,"href":"https:\/\/oldpatriarcatovenezia.glauco.it\/Evangelizzazione-e-Catechesi\/wp-json\/wp\/v2\/posts\/3285\/revisions"}],"predecessor-version":[{"id":3291,"href":"https:\/\/oldpatriarcatovenezia.glauco.it\/Evangelizzazione-e-Catechesi\/wp-json\/wp\/v2\/posts\/3285\/revisions\/3291"}],"wp:featuredmedia":[{"embeddable":true,"href":"https:\/\/oldpatriarcatovenezia.glauco.it\/Evangelizzazione-e-Catechesi\/wp-json\/wp\/v2\/media\/3289"}],"wp:attachment":[{"href":"https:\/\/oldpatriarcatovenezia.glauco.it\/Evangelizzazione-e-Catechesi\/wp-json\/wp\/v2\/media?parent=3285"}],"wp:term":[{"taxonomy":"category","embeddable":true,"href":"https:\/\/oldpatriarcatovenezia.glauco.it\/Evangelizzazione-e-Catechesi\/wp-json\/wp\/v2\/categories?post=3285"},{"taxonomy":"post_tag","embeddable":true,"href":"https:\/\/oldpatriarcatovenezia.glauco.it\/Evangelizzazione-e-Catechesi\/wp-json\/wp\/v2\/tags?post=3285"}],"curies":[{"name":"wp","href":"https:\/\/api.w.org\/{rel}","templated":true}]}}