{"id":3120,"date":"2020-03-25T10:36:16","date_gmt":"2020-03-25T09:36:16","guid":{"rendered":"https:\/\/www.patriarcatovenezia.it\/Evangelizzazione-e-Catechesi\/?p=3120"},"modified":"2020-03-25T10:37:33","modified_gmt":"2020-03-25T09:37:33","slug":"infiorata-disegnata","status":"publish","type":"post","link":"https:\/\/oldpatriarcatovenezia.glauco.it\/Evangelizzazione-e-Catechesi\/infiorata-disegnata\/","title":{"rendered":"INFIORATA&#8230; disegnata"},"content":{"rendered":"<p>Oggi, 25 marzo, festa importante per Venezia.<\/p>\n<p>Il giorno in cui si festeggia solennemente l\u2019<strong>annunciazione del Signore<\/strong>, \u00e8 anche il \u201ccompleanno\u201d della citt\u00e0 di Venezia. Ce lo ricordano i nostri amici di San Canciano! Abituati a partecipare all\u2019<em>infiorata\u00a0<\/em>presso la statua della Madonna che sta a Cannaregio, davanti alla Stazione ferroviaria di Santa Lucia, hanno pensato di raccogliere un fiore disegnato da ciascuno di loro per poterlo regalare ugualmente a Maria e affidargli la nostra citt\u00e0 e tutti i suoi abitanti. Per di pi\u00f9 oggi sono anche 8 anni che il Patriarca Francesco \u00e8 entrato come Vescovo della Chiesa che \u00e8 in Venezia, lo ricordiamo con affetto nella preghiera.<\/p>\n<p>Ecco il pdf con l\u2019<strong><a href=\"https:\/\/www.patriarcatovenezia.it\/Evangelizzazione-e-Catechesi\/wp-content\/uploads\/sites\/2\/2020\/03\/infiorata-s.canciano-2020.pdf\">INFIORATA disegnata<\/a><\/strong><\/p>\n","protected":false},"excerpt":{"rendered":"<p>Oggi, 25 marzo, festa importante per Venezia. Il giorno in cui si festeggia solennemente l\u2019annunciazione del Signore, \u00e8 anche il \u201ccompleanno\u201d della citt\u00e0 di Venezia. Ce lo ricordano i nostri amici di San Canciano! Abituati a partecipare all\u2019infiorata\u00a0presso la statua della Madonna che sta a Cannaregio, davanti alla Stazione ferroviaria di Santa Lucia, hanno pensato&#8230;  <a class=\"excerpt-read-more\" href=\"https:\/\/oldpatriarcatovenezia.glauco.it\/Evangelizzazione-e-Catechesi\/infiorata-disegnata\/\" title=\"Leggi INFIORATA&#8230; disegnata\">&raquo; continua<\/a><\/p>\n","protected":false},"author":9,"featured_media":3121,"comment_status":"closed","ping_status":"closed","sticky":false,"template":"","format":"standard","meta":{"ip_address":"","user_agent":"","level":"","revision":"","cookie_id":"","page_referer":"","html_form":""},"categories":[1,86],"tags":[],"acf":[],"_links":{"self":[{"href":"https:\/\/oldpatriarcatovenezia.glauco.it\/Evangelizzazione-e-Catechesi\/wp-json\/wp\/v2\/posts\/3120"}],"collection":[{"href":"https:\/\/oldpatriarcatovenezia.glauco.it\/Evangelizzazione-e-Catechesi\/wp-json\/wp\/v2\/posts"}],"about":[{"href":"https:\/\/oldpatriarcatovenezia.glauco.it\/Evangelizzazione-e-Catechesi\/wp-json\/wp\/v2\/types\/post"}],"author":[{"embeddable":true,"href":"https:\/\/oldpatriarcatovenezia.glauco.it\/Evangelizzazione-e-Catechesi\/wp-json\/wp\/v2\/users\/9"}],"replies":[{"embeddable":true,"href":"https:\/\/oldpatriarcatovenezia.glauco.it\/Evangelizzazione-e-Catechesi\/wp-json\/wp\/v2\/comments?post=3120"}],"version-history":[{"count":1,"href":"https:\/\/oldpatriarcatovenezia.glauco.it\/Evangelizzazione-e-Catechesi\/wp-json\/wp\/v2\/posts\/3120\/revisions"}],"predecessor-version":[{"id":3122,"href":"https:\/\/oldpatriarcatovenezia.glauco.it\/Evangelizzazione-e-Catechesi\/wp-json\/wp\/v2\/posts\/3120\/revisions\/3122"}],"wp:featuredmedia":[{"embeddable":true,"href":"https:\/\/oldpatriarcatovenezia.glauco.it\/Evangelizzazione-e-Catechesi\/wp-json\/wp\/v2\/media\/3121"}],"wp:attachment":[{"href":"https:\/\/oldpatriarcatovenezia.glauco.it\/Evangelizzazione-e-Catechesi\/wp-json\/wp\/v2\/media?parent=3120"}],"wp:term":[{"taxonomy":"category","embeddable":true,"href":"https:\/\/oldpatriarcatovenezia.glauco.it\/Evangelizzazione-e-Catechesi\/wp-json\/wp\/v2\/categories?post=3120"},{"taxonomy":"post_tag","embeddable":true,"href":"https:\/\/oldpatriarcatovenezia.glauco.it\/Evangelizzazione-e-Catechesi\/wp-json\/wp\/v2\/tags?post=3120"}],"curies":[{"name":"wp","href":"https:\/\/api.w.org\/{rel}","templated":true}]}}