{"id":3075,"date":"2020-03-19T12:40:15","date_gmt":"2020-03-19T11:40:15","guid":{"rendered":"https:\/\/www.patriarcatovenezia.it\/Evangelizzazione-e-Catechesi\/?p=3075"},"modified":"2020-03-19T12:45:36","modified_gmt":"2020-03-19T11:45:36","slug":"lettera-ai-catechisti-dallufficio-catechistico-nazionale","status":"publish","type":"post","link":"https:\/\/oldpatriarcatovenezia.glauco.it\/Evangelizzazione-e-Catechesi\/lettera-ai-catechisti-dallufficio-catechistico-nazionale\/","title":{"rendered":"Lettera ai catechisti dall&#8217;Ufficio Catechistico Nazionale"},"content":{"rendered":"<p>L&#8217;Ufficio Catechistico Nazionale scrive a tutti gli operatori della catechesi una lettera-invito che raccoglie e ordina quanto gi\u00e0 in atto in molte comunit\u00e0 cristiane&#8230; per trovare tutte quelle modalit\u00e0 nuove di portare avanti l&#8217;unica importante missione: <strong>l&#8217;amore di Cristo a chi ci \u00e8 affidato<\/strong>!<\/p>\n<p><em>&#8220;Cos\u00ec, mentre i cammini formativi si sono interrotti, ci rendiamo conto che <strong>la catechesi non si limita alla preparazione ai sacramenti, ma nutre l\u2019intera vita cristiana.<\/strong> Mentre ci scopriamo fragili, l\u2019ascolto meditato della Parola di Dio ci fa riconoscere il valore dei doni quotidiani del Signore, come la vita, la salute, il cibo e gli amici.\u00a0<\/em><em>Tra le mura domestiche possiamo coltivare anche l\u2019<strong>interiorit\u00e0<\/strong>.&#8221;<\/em><\/p>\n<p><strong><a href=\"https:\/\/www.patriarcatovenezia.it\/Evangelizzazione-e-Catechesi\/wp-content\/uploads\/sites\/2\/2020\/03\/Catechesi.pdf\">SCARICA LA LETTERA<\/a><\/strong><\/p>\n","protected":false},"excerpt":{"rendered":"<p>L&#8217;Ufficio Catechistico Nazionale scrive a tutti gli operatori della catechesi una lettera-invito che raccoglie e ordina quanto gi\u00e0 in atto in molte comunit\u00e0 cristiane&#8230; per trovare tutte quelle modalit\u00e0 nuove di portare avanti l&#8217;unica importante missione: l&#8217;amore di Cristo a chi ci \u00e8 affidato! &#8220;Cos\u00ec, mentre i cammini formativi si sono interrotti, ci rendiamo conto&#8230;  <a class=\"excerpt-read-more\" href=\"https:\/\/oldpatriarcatovenezia.glauco.it\/Evangelizzazione-e-Catechesi\/lettera-ai-catechisti-dallufficio-catechistico-nazionale\/\" title=\"Leggi Lettera ai catechisti dall&#8217;Ufficio Catechistico Nazionale\">&raquo; continua<\/a><\/p>\n","protected":false},"author":9,"featured_media":3076,"comment_status":"closed","ping_status":"closed","sticky":false,"template":"","format":"standard","meta":{"ip_address":"","user_agent":"","level":"","revision":"","cookie_id":"","page_referer":"","html_form":""},"categories":[1,89,86],"tags":[],"acf":[],"_links":{"self":[{"href":"https:\/\/oldpatriarcatovenezia.glauco.it\/Evangelizzazione-e-Catechesi\/wp-json\/wp\/v2\/posts\/3075"}],"collection":[{"href":"https:\/\/oldpatriarcatovenezia.glauco.it\/Evangelizzazione-e-Catechesi\/wp-json\/wp\/v2\/posts"}],"about":[{"href":"https:\/\/oldpatriarcatovenezia.glauco.it\/Evangelizzazione-e-Catechesi\/wp-json\/wp\/v2\/types\/post"}],"author":[{"embeddable":true,"href":"https:\/\/oldpatriarcatovenezia.glauco.it\/Evangelizzazione-e-Catechesi\/wp-json\/wp\/v2\/users\/9"}],"replies":[{"embeddable":true,"href":"https:\/\/oldpatriarcatovenezia.glauco.it\/Evangelizzazione-e-Catechesi\/wp-json\/wp\/v2\/comments?post=3075"}],"version-history":[{"count":4,"href":"https:\/\/oldpatriarcatovenezia.glauco.it\/Evangelizzazione-e-Catechesi\/wp-json\/wp\/v2\/posts\/3075\/revisions"}],"predecessor-version":[{"id":3080,"href":"https:\/\/oldpatriarcatovenezia.glauco.it\/Evangelizzazione-e-Catechesi\/wp-json\/wp\/v2\/posts\/3075\/revisions\/3080"}],"wp:featuredmedia":[{"embeddable":true,"href":"https:\/\/oldpatriarcatovenezia.glauco.it\/Evangelizzazione-e-Catechesi\/wp-json\/wp\/v2\/media\/3076"}],"wp:attachment":[{"href":"https:\/\/oldpatriarcatovenezia.glauco.it\/Evangelizzazione-e-Catechesi\/wp-json\/wp\/v2\/media?parent=3075"}],"wp:term":[{"taxonomy":"category","embeddable":true,"href":"https:\/\/oldpatriarcatovenezia.glauco.it\/Evangelizzazione-e-Catechesi\/wp-json\/wp\/v2\/categories?post=3075"},{"taxonomy":"post_tag","embeddable":true,"href":"https:\/\/oldpatriarcatovenezia.glauco.it\/Evangelizzazione-e-Catechesi\/wp-json\/wp\/v2\/tags?post=3075"}],"curies":[{"name":"wp","href":"https:\/\/api.w.org\/{rel}","templated":true}]}}