{"id":2511,"date":"2018-11-06T11:45:43","date_gmt":"2018-11-06T10:45:43","guid":{"rendered":"https:\/\/www.patriarcatovenezia.it\/Evangelizzazione-e-Catechesi\/?p=2511"},"modified":"2018-11-08T11:47:26","modified_gmt":"2018-11-08T10:47:26","slug":"giornata-mondiale-dei-poveri-2018","status":"publish","type":"post","link":"https:\/\/oldpatriarcatovenezia.glauco.it\/Evangelizzazione-e-Catechesi\/giornata-mondiale-dei-poveri-2018\/","title":{"rendered":"Giornata mondiale dei poveri 2018"},"content":{"rendered":"<p>Accogliendo l\u2019invito di papa Francesco affinch\u00e9 questa <a href=\"https:\/\/www.patriarcatovenezia.it\/site\/giornata-mondiale-dei-poveri-18-novembre-le-iniziative-della-caritas-il-12-e-il-13-novembre-a-mestre-incontro-con-don-virginio-colmegna-sul-messaggio-del-papa\/\"><strong>giornata mondiale dei poveri 2018<\/strong><\/a> diventi sempre pi\u00f9 occasione di riflessione e confronto per tutti, anche per i nostri ragazzi, sono stati individuati tre titoli (certamente gi\u00e0 conosciuti e utilizzati nelle attivit\u00e0 pastorali), <u>pellicole che invitiamo comunque a visionare prima tra educatori per valutare l\u2019opportunit\u00e0 della proiezione nel proprio gruppo e soprattutto per saperne gestire gli spunti<\/u>.<\/p>\n<p><span style=\"color: #0000ff\"><strong>Scarica la proposta elaborata insieme alla Caritas dicoesana:<\/strong><\/span>\u00a0<strong><a href=\"https:\/\/www.patriarcatovenezia.it\/Evangelizzazione-e-Catechesi\/wp-content\/uploads\/sites\/2\/2018\/11\/film_giornata-mondiale-dei-poveri_2018.pdf\">film_giornata-mondiale-dei-poveri_2018.pdf<\/a><\/strong><\/p>\n<p><a href=\"https:\/\/www.youtube.com\/watch?v=ZVMT_UAIaWM\" data-rel=\"lightbox-video-0\"><strong><em>Bekas<\/em><\/strong> <\/a>e <a href=\"https:\/\/www.youtube.com\/watch?v=7fZLFJ3ljdo\" data-rel=\"lightbox-video-1\"><strong><em>Trash<\/em><\/strong><\/a> raccontano la situazione di povert\u00e0 in cui vivono bambini di paesi lontani (rispettivamente Kurdistan e Brasile), quella povert\u00e0 che appartiene pi\u00f9 facilmente all\u2019immaginario comune (l\u2019Africa, il sud del mondo\u2026), ma che pu\u00f2 aiutarci ugualmente a porci delle domande anche su quella che abita le nostre periferie italiane. In entrambe le storie la miseria e l\u2019abbandono quotidiani sono attraversati da un elemento di novit\u00e0, un\u2019opportunit\u00e0 nel bene o nel male che \u201cmette in moto\u201d i personaggi. La capacit\u00e0 di sognare e la \u201cfame\u201d di futuro, caratteristiche dell\u2019infanzia, riescono cos\u00ec a far diventare ogni cosa un\u2019avventura eccezionale, anche se a fare da sfondo rimangono ben visibili i fallimenti e le contraddizioni del mondo adulto (disuguaglianze, ingiustizie, conflitti, etc\u2026 ). I ragazzi spettatori si appassionano dunque alle vicende dei protagonisti, parteggiando per loro quando i personaggi pi\u00f9 meschini vogliono fermarli a tutti i costi, con loro immaginano e lottano per il cambiamento, attendono il realizzarsi di un lieto fine.<\/p>\n<p>Una presentazione a parte la dedichiamo al film <a href=\"https:\/\/www.youtube.com\/watch?v=V4P_zuz2Gb8\" data-rel=\"lightbox-video-2\"><strong><em>Io, Daniel Blake<\/em><\/strong><\/a> la pi\u00f9 recente delle tre pellicole e quella sicuramente pi\u00f9 adatta ai grandi (12 anni in su e famiglie) non tanto per le scene contenute, ma per una regia maggiormente lenta e \u201csofisticata\u201d, basata principalmente sulla vita di un adulto. La storia per\u00f2 risulta pi\u00f9 vicina a noi per ambientazione (la Gran Bretagna) e per similitudini con sfide che anche in Italia si stanno affrontando: la mancanza di lavoro, la soglia di povert\u00e0 in cui \u00e8 facile cadere, gli interventi di sostegno dello Stato. Tra i tre film, questo, presenta un finale molto pi\u00f9 amaro e meno propenso alla speranza, anche se la profonda denuncia lanciata in esso arriva dritta al cuore e invita a riappropriarci del concetto di <u>dignit\u00e0 della persona<\/u>, argomento troppo spesso usato in campagna elettorale, ma che fatica a concretizzarsi in scelte a favore di una societ\u00e0 pi\u00f9 equa, attenta alle fragilit\u00e0 umane, che non consideri gli individui solo come numeri.<\/p>\n","protected":false},"excerpt":{"rendered":"<p>Accogliendo l\u2019invito di papa Francesco affinch\u00e9 questa giornata mondiale dei poveri 2018 diventi sempre pi\u00f9 occasione di riflessione e confronto per tutti, anche per i nostri ragazzi, sono stati individuati tre titoli (certamente gi\u00e0 conosciuti e utilizzati nelle attivit\u00e0 pastorali), pellicole che invitiamo comunque a visionare prima tra educatori per valutare l\u2019opportunit\u00e0 della proiezione nel&#8230;  <a class=\"excerpt-read-more\" href=\"https:\/\/oldpatriarcatovenezia.glauco.it\/Evangelizzazione-e-Catechesi\/giornata-mondiale-dei-poveri-2018\/\" title=\"Leggi Giornata mondiale dei poveri 2018\">&raquo; continua<\/a><\/p>\n","protected":false},"author":9,"featured_media":2513,"comment_status":"closed","ping_status":"closed","sticky":false,"template":"","format":"standard","meta":{"ip_address":"","user_agent":"","level":"","revision":"","cookie_id":"","page_referer":"","html_form":""},"categories":[1,86],"tags":[],"acf":[],"_links":{"self":[{"href":"https:\/\/oldpatriarcatovenezia.glauco.it\/Evangelizzazione-e-Catechesi\/wp-json\/wp\/v2\/posts\/2511"}],"collection":[{"href":"https:\/\/oldpatriarcatovenezia.glauco.it\/Evangelizzazione-e-Catechesi\/wp-json\/wp\/v2\/posts"}],"about":[{"href":"https:\/\/oldpatriarcatovenezia.glauco.it\/Evangelizzazione-e-Catechesi\/wp-json\/wp\/v2\/types\/post"}],"author":[{"embeddable":true,"href":"https:\/\/oldpatriarcatovenezia.glauco.it\/Evangelizzazione-e-Catechesi\/wp-json\/wp\/v2\/users\/9"}],"replies":[{"embeddable":true,"href":"https:\/\/oldpatriarcatovenezia.glauco.it\/Evangelizzazione-e-Catechesi\/wp-json\/wp\/v2\/comments?post=2511"}],"version-history":[{"count":2,"href":"https:\/\/oldpatriarcatovenezia.glauco.it\/Evangelizzazione-e-Catechesi\/wp-json\/wp\/v2\/posts\/2511\/revisions"}],"predecessor-version":[{"id":2515,"href":"https:\/\/oldpatriarcatovenezia.glauco.it\/Evangelizzazione-e-Catechesi\/wp-json\/wp\/v2\/posts\/2511\/revisions\/2515"}],"wp:featuredmedia":[{"embeddable":true,"href":"https:\/\/oldpatriarcatovenezia.glauco.it\/Evangelizzazione-e-Catechesi\/wp-json\/wp\/v2\/media\/2513"}],"wp:attachment":[{"href":"https:\/\/oldpatriarcatovenezia.glauco.it\/Evangelizzazione-e-Catechesi\/wp-json\/wp\/v2\/media?parent=2511"}],"wp:term":[{"taxonomy":"category","embeddable":true,"href":"https:\/\/oldpatriarcatovenezia.glauco.it\/Evangelizzazione-e-Catechesi\/wp-json\/wp\/v2\/categories?post=2511"},{"taxonomy":"post_tag","embeddable":true,"href":"https:\/\/oldpatriarcatovenezia.glauco.it\/Evangelizzazione-e-Catechesi\/wp-json\/wp\/v2\/tags?post=2511"}],"curies":[{"name":"wp","href":"https:\/\/api.w.org\/{rel}","templated":true}]}}