{"id":1567,"date":"2017-02-13T15:00:29","date_gmt":"2017-02-13T14:00:29","guid":{"rendered":"https:\/\/www.patriarcatovenezia.it\/Evangelizzazione-e-Catechesi\/?p=1567"},"modified":"2017-02-14T08:58:09","modified_gmt":"2017-02-14T07:58:09","slug":"cammino-di-quaresima-2017-anno-a","status":"publish","type":"post","link":"https:\/\/oldpatriarcatovenezia.glauco.it\/Evangelizzazione-e-Catechesi\/cammino-di-quaresima-2017-anno-a\/","title":{"rendered":"Cammino di Quaresima 2017 &#8211; anno A"},"content":{"rendered":"<h3><span style=\"color: #993366\"><strong>CAMMINO di QUARESIMA 2017 \u2013 anno A<\/strong><\/span><\/h3>\n<p><span style=\"color: #993366\"><strong>\u201cVedano le vostre opere buone e diano lode al Padre!\u201d Mt 5,16<\/strong><\/span><\/p>\n<p style=\"text-align: justify\"><strong><a href=\"https:\/\/www.patriarcatovenezia.it\/Evangelizzazione-e-Catechesi\/wp-content\/uploads\/sites\/2\/2017\/02\/CAMMINO-di-QUARESIMA-2017.pdf\">LE CINQUE SCHEDE<\/a> <\/strong>che il Centro Missionario ha preparato per l\u2019itinerario quaresimale, vengono offerte innanzitutto ai catechisti, che potranno usarle come riferimento per la riflessione, la preghiera e l\u2019impegno di carit\u00e0 che la Quaresima lega alle nostre rinunce. Ma possono servire ad ogni battezzato per aiutarlo a dare concretezza al cammino di conversione che la Quaresima suggerisce invitandoci a far diventare pane buono sulla mensa dei poveri il frutto del nostro digiuno.<\/p>\n<p style=\"text-align: justify\">Ogni scheda riporta:<\/p>\n<p style=\"text-align: justify\">&#8211; una <strong>citazione del Vangelo domenicale<\/strong>, seguito da un breve commento. Lo scopo \u00e8 di aiutare a identificare il tema centrale di quella Domenica;<\/p>\n<p style=\"text-align: justify\">&#8211; \u00a0la <strong>testimonianza di un nostro missionario<\/strong>, a cui abbiamo chiesto come\u00a0il Vangelo ha cambiato la vita dei popoli a cui la ha annunciato e come la missione ha cambiato la sua vita;<img loading=\"lazy\" class=\" wp-image-1572 alignright\" src=\"https:\/\/www.patriarcatovenezia.it\/Evangelizzazione-e-Catechesi\/wp-content\/uploads\/sites\/2\/2017\/02\/LAVANDA-DEI-PIEDI-3-300x200.jpg\" alt=\"LAVANDA-DEI-PIEDI-3\" width=\"353\" height=\"235\" srcset=\"https:\/\/oldpatriarcatovenezia.glauco.it\/Evangelizzazione-e-Catechesi\/wp-content\/uploads\/sites\/2\/2017\/02\/LAVANDA-DEI-PIEDI-3-300x200.jpg 300w, https:\/\/oldpatriarcatovenezia.glauco.it\/Evangelizzazione-e-Catechesi\/wp-content\/uploads\/sites\/2\/2017\/02\/LAVANDA-DEI-PIEDI-3-768x511.jpg 768w, https:\/\/oldpatriarcatovenezia.glauco.it\/Evangelizzazione-e-Catechesi\/wp-content\/uploads\/sites\/2\/2017\/02\/LAVANDA-DEI-PIEDI-3-360x240.jpg 360w, https:\/\/oldpatriarcatovenezia.glauco.it\/Evangelizzazione-e-Catechesi\/wp-content\/uploads\/sites\/2\/2017\/02\/LAVANDA-DEI-PIEDI-3.jpg 960w\" sizes=\"(max-width: 353px) 100vw, 353px\" \/><\/p>\n<p style=\"text-align: justify\">&#8211; un <strong>impegno settimanale<\/strong> per vivere il messaggio evangelico e un <strong>progetto\u00a0missionario<\/strong>, che ci \u00e8 stato suggerito dai sacerdoti, religiosi e laici della nostra Diocesi, nei territori dove lavorano. Quest\u2019ultimo pu\u00f2 aiutare a dare concretezza alla raccolta \u201cUn pane per amor di Dio\u201d finalizzandola al sostegno di tali realizzazioni;<\/p>\n<p style=\"text-align: justify\">&#8211; una <strong>preghiera <\/strong>finale, presa dalla tradizione dei popoli presso i quali vivono i nostri missionari, pu\u00f2 arricchire di nuova sensibilit\u00e0 il nostro modo di pregare e farci sentire pi\u00f9 vicini ai fratelli di altre culture che condividono la nostra stessa fede, ma la esprimono in forme differenti dalla nostra.<\/p>\n<hr \/>\n<h4 style=\"text-align: center\"><strong><span style=\"color: #993366\"><img loading=\"lazy\" class=\"wp-image-1244 alignnone\" src=\"https:\/\/www.patriarcatovenezia.it\/Evangelizzazione-e-Catechesi\/wp-content\/uploads\/sites\/2\/2016\/01\/mano_che_indica20Dx.gif\" alt=\"mano_che_indica%20Dx\" width=\"88\" height=\"59\" \/>PER L&#8217;ACCOMPAGNAMENTO DEI BAMBINI E DEI RAGAZZI<\/span><\/strong><\/h4>\n<p style=\"text-align: justify\">Accanto alle schede, costruite sui Vangeli della domenica, offriamo dei suggerimenti per adattare i contenuti a misura di 6-10 anni e 11-14 anni.<span style=\"color: #ff00ff\"><strong><span style=\"color: #000000\">\u00a0SCARICA l&#8217;<a href=\"https:\/\/www.patriarcatovenezia.it\/Evangelizzazione-e-Catechesi\/wp-content\/uploads\/sites\/2\/2017\/02\/QUARESIMA2017_bambini_ragazzi.doc\">ALLEGATO con SUGGERIMENTI<\/a> <\/span><span style=\"color: #000000\">per i bambini e i ragazzi.<\/span><\/strong><\/span><\/p>\n<p style=\"text-align: justify\"><img loading=\"lazy\" class=\" wp-image-1569 alignleft\" src=\"https:\/\/www.patriarcatovenezia.it\/Evangelizzazione-e-Catechesi\/wp-content\/uploads\/sites\/2\/2017\/02\/bottinatrice-232x300.gif\" alt=\"bottinatrice\" width=\"129\" height=\"166\" srcset=\"https:\/\/oldpatriarcatovenezia.glauco.it\/Evangelizzazione-e-Catechesi\/wp-content\/uploads\/sites\/2\/2017\/02\/bottinatrice-232x300.gif 232w, https:\/\/oldpatriarcatovenezia.glauco.it\/Evangelizzazione-e-Catechesi\/wp-content\/uploads\/sites\/2\/2017\/02\/bottinatrice-216x280.gif 216w\" sizes=\"(max-width: 129px) 100vw, 129px\" \/>I gruppi di <strong>bambini<\/strong> avranno come personaggio di accompagnamento l&#8217;APE LUCIA, per scoprire attraverso il mondo delle api operaie la bellezza dell&#8217;operare secondo il bene. La cera da loro prodotta introdurr\u00e0 all&#8217;approfondimento del simbolo del CERO PASQUALE e della LUCE di Cristo, quale vittoria sulle tenebre del peccato e della morte. Altri materiali utili per l&#8217;attivit\u00e0 catechistica:<\/p>\n<ul>\n<li style=\"text-align: justify\"><span style=\"color: #ff00ff\"><span style=\"color: #000000\"><strong><a href=\"https:\/\/www.patriarcatovenezia.it\/Evangelizzazione-e-Catechesi\/wp-content\/uploads\/sites\/2\/2017\/02\/ImmaginiApeLucia.pdf\">LE CINQUE IMMAGINI<\/a>\u00a0<\/strong>di APE LUCIA (con spazzina triste e spazzina allegra a seconda delle necessit\u00e0&#8230;)<\/span><\/span><\/li>\n<li style=\"text-align: justify\"><strong><a href=\"https:\/\/www.patriarcatovenezia.it\/Evangelizzazione-e-Catechesi\/wp-content\/uploads\/sites\/2\/2017\/02\/2_Schemi.pdf\">DUE SCHEMI<\/a>\u00a0<\/strong>suggeriti per visualizzare eventualmente il cammino in gruppo o nella comunit\u00e0<\/li>\n<li style=\"text-align: justify\">curiosit\u00e0 sulla cera e sulle api <span style=\"color: #993366\"><em>(disponibile fra qualche giorno)<\/em><\/span><\/li>\n<\/ul>\n<p>P.S.: per altre richieste grafiche (sempre se possiamo esservi utili), scrivete a: <strong>catechistico@patriarcatovenezia.it\u00a0<\/strong><\/p>\n<hr \/>\n<p style=\"text-align: justify\">I gruppi di <strong>preadolescenti\u00a0<\/strong>sono invece invitati a camminare in questa Quaresima sulla traccia del discorso di Papa\u00a0Francesco ai giovani alla GMG 2016, per attuare in questo tempo di conversione l&#8217;impegno a lasciare i &#8220;comodi divani&#8221; e intraprendere\u00a0le strade della testimonianza gioiosa del Vangelo!<img loading=\"lazy\" class=\" wp-image-1570 alignright\" src=\"https:\/\/www.patriarcatovenezia.it\/Evangelizzazione-e-Catechesi\/wp-content\/uploads\/sites\/2\/2017\/02\/sofa-300x228.jpg\" alt=\"sofa\" width=\"189\" height=\"144\" srcset=\"https:\/\/oldpatriarcatovenezia.glauco.it\/Evangelizzazione-e-Catechesi\/wp-content\/uploads\/sites\/2\/2017\/02\/sofa-300x228.jpg 300w, https:\/\/oldpatriarcatovenezia.glauco.it\/Evangelizzazione-e-Catechesi\/wp-content\/uploads\/sites\/2\/2017\/02\/sofa-360x273.jpg 360w, https:\/\/oldpatriarcatovenezia.glauco.it\/Evangelizzazione-e-Catechesi\/wp-content\/uploads\/sites\/2\/2017\/02\/sofa.jpg 516w\" sizes=\"(max-width: 189px) 100vw, 189px\" \/><\/p>\n<p style=\"text-align: justify\">Nella terza domenica di Quaresima ci sar\u00e0 inoltre la <strong><a href=\"https:\/\/www.patriarcatovenezia.it\/pastorale-ragazzi\/2017\/01\/05\/fdr2017-tutte-le-info\/\">FESTA DEI RAGAZZI<\/a> <\/strong>(19 marzo 2017) che vedr\u00e0 riuniti attorno al Patriarca Francesco tutti i preadolescenti della diocesi, al Pala Arrex di Jesolo.<\/p>\n","protected":false},"excerpt":{"rendered":"<p>CAMMINO di QUARESIMA 2017 \u2013 anno A \u201cVedano le vostre opere buone e diano lode al Padre!\u201d Mt 5,16 LE CINQUE SCHEDE che il Centro Missionario ha preparato per l\u2019itinerario quaresimale, vengono offerte innanzitutto ai catechisti, che potranno usarle come riferimento per la riflessione, la preghiera e l\u2019impegno di carit\u00e0 che la Quaresima lega alle&#8230;  <a class=\"excerpt-read-more\" href=\"https:\/\/oldpatriarcatovenezia.glauco.it\/Evangelizzazione-e-Catechesi\/cammino-di-quaresima-2017-anno-a\/\" title=\"Leggi Cammino di Quaresima 2017 &#8211; anno A\">&raquo; continua<\/a><\/p>\n","protected":false},"author":9,"featured_media":1568,"comment_status":"closed","ping_status":"closed","sticky":false,"template":"","format":"standard","meta":{"ip_address":"","user_agent":"","level":"","revision":"","cookie_id":"","page_referer":"","html_form":""},"categories":[1,86],"tags":[],"acf":[],"_links":{"self":[{"href":"https:\/\/oldpatriarcatovenezia.glauco.it\/Evangelizzazione-e-Catechesi\/wp-json\/wp\/v2\/posts\/1567"}],"collection":[{"href":"https:\/\/oldpatriarcatovenezia.glauco.it\/Evangelizzazione-e-Catechesi\/wp-json\/wp\/v2\/posts"}],"about":[{"href":"https:\/\/oldpatriarcatovenezia.glauco.it\/Evangelizzazione-e-Catechesi\/wp-json\/wp\/v2\/types\/post"}],"author":[{"embeddable":true,"href":"https:\/\/oldpatriarcatovenezia.glauco.it\/Evangelizzazione-e-Catechesi\/wp-json\/wp\/v2\/users\/9"}],"replies":[{"embeddable":true,"href":"https:\/\/oldpatriarcatovenezia.glauco.it\/Evangelizzazione-e-Catechesi\/wp-json\/wp\/v2\/comments?post=1567"}],"version-history":[{"count":4,"href":"https:\/\/oldpatriarcatovenezia.glauco.it\/Evangelizzazione-e-Catechesi\/wp-json\/wp\/v2\/posts\/1567\/revisions"}],"predecessor-version":[{"id":1616,"href":"https:\/\/oldpatriarcatovenezia.glauco.it\/Evangelizzazione-e-Catechesi\/wp-json\/wp\/v2\/posts\/1567\/revisions\/1616"}],"wp:featuredmedia":[{"embeddable":true,"href":"https:\/\/oldpatriarcatovenezia.glauco.it\/Evangelizzazione-e-Catechesi\/wp-json\/wp\/v2\/media\/1568"}],"wp:attachment":[{"href":"https:\/\/oldpatriarcatovenezia.glauco.it\/Evangelizzazione-e-Catechesi\/wp-json\/wp\/v2\/media?parent=1567"}],"wp:term":[{"taxonomy":"category","embeddable":true,"href":"https:\/\/oldpatriarcatovenezia.glauco.it\/Evangelizzazione-e-Catechesi\/wp-json\/wp\/v2\/categories?post=1567"},{"taxonomy":"post_tag","embeddable":true,"href":"https:\/\/oldpatriarcatovenezia.glauco.it\/Evangelizzazione-e-Catechesi\/wp-json\/wp\/v2\/tags?post=1567"}],"curies":[{"name":"wp","href":"https:\/\/api.w.org\/{rel}","templated":true}]}}