{"id":1494,"date":"2016-11-28T12:05:37","date_gmt":"2016-11-28T11:05:37","guid":{"rendered":"https:\/\/www.patriarcatovenezia.it\/Evangelizzazione-e-Catechesi\/?p=1494"},"modified":"2016-11-28T12:26:44","modified_gmt":"2016-11-28T11:26:44","slug":"incontro-della-carita-2016","status":"publish","type":"post","link":"https:\/\/oldpatriarcatovenezia.glauco.it\/Evangelizzazione-e-Catechesi\/incontro-della-carita-2016\/","title":{"rendered":"INCONTRO della CARITA&#8217; 2016"},"content":{"rendered":"<p style=\"text-align: justify\">Per tutti i gruppi di bambini del Patriarcato: il tradizionale appuntamento con il Patriarca in vista del Santo Natale quest&#8217;anno si svolger\u00e0 in <strong>Basilica di San Marco, domenica 18 dicembre, a partire dalle ore 15.30<\/strong>.<\/p>\n<p style=\"text-align: justify\">Lo slogan <strong>&#8220;Ges\u00f9, tutti ti cercano&#8221;<\/strong> accompagner\u00e0 i bambini nella scoperta del bisogno che giace nel cuore di ogni uomo o donna di fare esperienza di <em>gioia vera<\/em>. Il tema della &#8220;ricerca&#8221; sar\u00e0 presentato all&#8217;interno dell&#8217;Incontro diocesano grazie anche al contributo della Parrocchia di Quarto d&#8217;Altino e ai loro &#8220;specialissimi&#8221; investigatori. La collaborazione con CARITAS DIOCESANA e SAN VINCENZO MESTRINA ha permesso di individuare come gesto di solidariet\u00e0 la raccolta di MATERIALE PER LA SCUOLA che verr\u00e0 donato ai coetanei delle zone terremotate nel centro-Italia.<\/p>\n<p style=\"text-align: justify\">Per tutte le <span style=\"text-decoration: underline\">informazioni<\/span> necessarie alla partecipazione e per scaricare la <span style=\"text-decoration: underline\">locandina<\/span> (che sar\u00e0 in distribuzione nelle parrocchie a partire da gioved\u00ec 1 dicembre) vedi gli allegati qui sotto.<\/p>\n","protected":false},"excerpt":{"rendered":"<p>Per tutti i gruppi di bambini del Patriarcato: il tradizionale appuntamento con il Patriarca in vista del Santo Natale quest&#8217;anno si svolger\u00e0 in Basilica di San Marco, domenica 18 dicembre, a partire dalle ore 15.30. Lo slogan &#8220;Ges\u00f9, tutti ti cercano&#8221; accompagner\u00e0 i bambini nella scoperta del bisogno che giace nel cuore di ogni uomo&#8230;  <a class=\"excerpt-read-more\" href=\"https:\/\/oldpatriarcatovenezia.glauco.it\/Evangelizzazione-e-Catechesi\/incontro-della-carita-2016\/\" title=\"Leggi INCONTRO della CARITA&#8217; 2016\">&raquo; continua<\/a><\/p>\n","protected":false},"author":9,"featured_media":1497,"comment_status":"closed","ping_status":"closed","sticky":false,"template":"","format":"standard","meta":{"ip_address":"","user_agent":"","level":"","revision":"","cookie_id":"","page_referer":"","html_form":""},"categories":[1,86],"tags":[],"acf":[],"_links":{"self":[{"href":"https:\/\/oldpatriarcatovenezia.glauco.it\/Evangelizzazione-e-Catechesi\/wp-json\/wp\/v2\/posts\/1494"}],"collection":[{"href":"https:\/\/oldpatriarcatovenezia.glauco.it\/Evangelizzazione-e-Catechesi\/wp-json\/wp\/v2\/posts"}],"about":[{"href":"https:\/\/oldpatriarcatovenezia.glauco.it\/Evangelizzazione-e-Catechesi\/wp-json\/wp\/v2\/types\/post"}],"author":[{"embeddable":true,"href":"https:\/\/oldpatriarcatovenezia.glauco.it\/Evangelizzazione-e-Catechesi\/wp-json\/wp\/v2\/users\/9"}],"replies":[{"embeddable":true,"href":"https:\/\/oldpatriarcatovenezia.glauco.it\/Evangelizzazione-e-Catechesi\/wp-json\/wp\/v2\/comments?post=1494"}],"version-history":[{"count":6,"href":"https:\/\/oldpatriarcatovenezia.glauco.it\/Evangelizzazione-e-Catechesi\/wp-json\/wp\/v2\/posts\/1494\/revisions"}],"predecessor-version":[{"id":1503,"href":"https:\/\/oldpatriarcatovenezia.glauco.it\/Evangelizzazione-e-Catechesi\/wp-json\/wp\/v2\/posts\/1494\/revisions\/1503"}],"wp:featuredmedia":[{"embeddable":true,"href":"https:\/\/oldpatriarcatovenezia.glauco.it\/Evangelizzazione-e-Catechesi\/wp-json\/wp\/v2\/media\/1497"}],"wp:attachment":[{"href":"https:\/\/oldpatriarcatovenezia.glauco.it\/Evangelizzazione-e-Catechesi\/wp-json\/wp\/v2\/media?parent=1494"}],"wp:term":[{"taxonomy":"category","embeddable":true,"href":"https:\/\/oldpatriarcatovenezia.glauco.it\/Evangelizzazione-e-Catechesi\/wp-json\/wp\/v2\/categories?post=1494"},{"taxonomy":"post_tag","embeddable":true,"href":"https:\/\/oldpatriarcatovenezia.glauco.it\/Evangelizzazione-e-Catechesi\/wp-json\/wp\/v2\/tags?post=1494"}],"curies":[{"name":"wp","href":"https:\/\/api.w.org\/{rel}","templated":true}]}}